{"id":64999,"date":"2023-09-10T16:51:17","date_gmt":"2023-09-10T14:51:17","guid":{"rendered":"https:\/\/jugulajm.net\/?p=64999"},"modified":"2023-09-10T16:51:17","modified_gmt":"2023-09-10T14:51:17","slug":"greqi-humb-jeten-28-vjecarja-shqiptare-ishte-ne-motor-kur-e-perplasi-automjeti","status":"publish","type":"post","link":"https:\/\/jugulajm.net\/?p=64999","title":{"rendered":"Greqi\/ Humb jet\u00ebn 28-vje\u00e7arja shqiptare, ishte n\u00eb motor kur e p\u00ebrplasi automjeti"},"content":{"rendered":"<div class=\"jeg_navbar_mobile_wrapper\">\n<div class=\"jeg_navbar_mobile jeg_sticky_nav\" data-mode=\"scroll\">\n<div class=\"jeg_mobile_bottombar jeg_mobile_midbar jeg_container normal\">\n<div class=\"container\">\n<div class=\"jeg_nav_row\">\n<div class=\"jeg_nav_col jeg_nav_center jeg_nav_grow\">\n<div class=\"item_wrap jeg_nav_aligncenter\">\n<div class=\"jeg_nav_item jeg_mobile_logo\">\n<div class=\"site-title\">Nj\u00eb tjet\u00ebr aksident tragjik ka ndodhur n\u00eb Greqi, k\u00ebt\u00eb t\u00eb diel\u00eb.<\/div>\n<div><\/div>\n<\/div>\n<\/div>\n<\/div>\n<\/div>\n<\/div>\n<\/div>\n<\/div>\n<\/div>\n<div class=\"post-wrapper\">\n<div class=\"post-wrap\">\n<div class=\"jeg_main \">\n<div class=\"jeg_container\">\n<div class=\"jeg_content jeg_singlepage\">\n<div class=\"container\">\n<div class=\"row\">\n<div class=\"jeg_main_content col-md-8\">\n<div class=\"jeg_inner_content\">\n<div class=\"entry-content no-share\">\n<div class=\"content-inner \">\n<p>Ngjarja ka ndodhur autostrad\u00ebn komb\u00ebtare Athin\u00eb-Korinth , ku nj\u00eb makin\u00eb \u00ebsht\u00eb p\u00ebrplasur me nj\u00eb motor, e si pasoj\u00eb ka humbur jet\u00ebn pasagjerja n\u00eb motomjet, me origjin\u00eb shqiptare.<\/p>\n<p>Identiteti i saj ende nuk b\u00ebhet me dije, por mendohet t\u00eb jet\u00eb rreth 28-vje\u00e7.<\/p>\n<p>E reja nuk ka mundur tu mbijetoj\u00eb plag\u00ebve t\u00eb marra, nd\u00ebrsa drejtuesi i motorit, shtetas grek ka mbetur i plagosur r\u00ebnd\u00eb.<\/p>\n<p>Nga ana tjet\u00ebr, drejtuesi i makin\u00ebs q\u00eb u p\u00ebrfshi n\u00eb aksident dhe u largua nga vendi i ngjarjes \u00ebsht\u00eb lokalizuar nga policia dhe \u00ebsht\u00eb arrestuar.<\/p>\n<\/div>\n<\/div>\n<\/div>\n<\/div>\n<\/div>\n<\/div>\n<\/div>\n<\/div>\n<\/div>\n<\/div>\n<\/div>\n","protected":false},"excerpt":{"rendered":"<p>Nj\u00eb tjet\u00ebr aksident tragjik ka ndodhur n\u00eb Greqi, k\u00ebt\u00eb t\u00eb diel\u00eb. Ngjarja ka ndodhur autostrad\u00ebn komb\u00ebtare Athin\u00eb-Korinth , ku nj\u00eb makin\u00eb \u00ebsht\u00eb p\u00ebrplasur me nj\u00eb motor, e si pasoj\u00eb ka humbur jet\u00ebn pasagjerja n\u00eb motomjet, me origjin\u00eb shqiptare. Identiteti i saj ende nuk b\u00ebhet me dije, por mendohet t\u00eb jet\u00eb rreth 28-vje\u00e7. E reja nuk [&hellip;]<\/p>\n","protected":false},"author":5,"featured_media":59807,"comment_status":"closed","ping_status":"closed","sticky":false,"template":"","format":"standard","meta":{"footnotes":""},"categories":[1,6332],"tags":[26219,26220],"class_list":{"0":"post-64999","1":"post","2":"type-post","3":"status-publish","4":"format-standard","5":"has-post-thumbnail","7":"category-aktualitet","8":"category-te-fundit","9":"tag-greqi-humb-jeten-28-vjecarja-shqiptare","10":"tag-ishte-ne-motor-kur-e-perplasi-automjeti"},"_links":{"self":[{"href":"https:\/\/jugulajm.net\/index.php?rest_route=\/wp\/v2\/posts\/64999","targetHints":{"allow":["GET"]}}],"collection":[{"href":"https:\/\/jugulajm.net\/index.php?rest_route=\/wp\/v2\/posts"}],"about":[{"href":"https:\/\/jugulajm.net\/index.php?rest_route=\/wp\/v2\/types\/post"}],"author":[{"embeddable":true,"href":"https:\/\/jugulajm.net\/index.php?rest_route=\/wp\/v2\/users\/5"}],"replies":[{"embeddable":true,"href":"https:\/\/jugulajm.net\/index.php?rest_route=%2Fwp%2Fv2%2Fcomments&post=64999"}],"version-history":[{"count":0,"href":"https:\/\/jugulajm.net\/index.php?rest_route=\/wp\/v2\/posts\/64999\/revisions"}],"wp:featuredmedia":[{"embeddable":true,"href":"https:\/\/jugulajm.net\/index.php?rest_route=\/wp\/v2\/media\/59807"}],"wp:attachment":[{"href":"https:\/\/jugulajm.net\/index.php?rest_route=%2Fwp%2Fv2%2Fmedia&parent=64999"}],"wp:term":[{"taxonomy":"category","embeddable":true,"href":"https:\/\/jugulajm.net\/index.php?rest_route=%2Fwp%2Fv2%2Fcategories&post=64999"},{"taxonomy":"post_tag","embeddable":true,"href":"https:\/\/jugulajm.net\/index.php?rest_route=%2Fwp%2Fv2%2Ftags&post=64999"}],"curies":[{"name":"wp","href":"https:\/\/api.w.org\/{rel}","templated":true}]}}