{"id":64995,"date":"2023-09-10T14:53:40","date_gmt":"2023-09-10T12:53:40","guid":{"rendered":"https:\/\/jugulajm.net\/?p=64995"},"modified":"2023-09-10T14:53:40","modified_gmt":"2023-09-10T12:53:40","slug":"video-pamje-nga-vrasja-e-41-vjecarit-mbremjen-e-djeshme-ne-vlore","status":"publish","type":"post","link":"https:\/\/jugulajm.net\/?p=64995","title":{"rendered":"VIDEO\/ Pamje nga vrasja e 41-vje\u00e7arit mbremjen e djeshme n\u00eb Vlor\u00eb"},"content":{"rendered":"<p>Dalin pamjet nga atentati i ndodhur mbr\u00ebmjen e djeshme n\u00eb Vlor\u00eb, ku u ekzekutua 41-vje\u00e7ari Leartiad Kekaj.<\/p>\n<p>Makina \u201cAudi A6\u201d me targa italiane, me xhama t\u00eb zinj kishte n\u00eb brend\u00ebsi t\u00eb saj dy persona, shoferin dhe qit\u00ebsin.<\/p>\n<p>Referuar pamjeve, automjeti ik\u00ebn dhe kthehet mbrapsht me \u201cindietro\u201d dhe e riq\u00ebllojn\u00eb nga brenda makin\u00ebs 4 her\u00eb n\u00eb kok\u00eb.<\/p>\n<p>Dyshohet se fillimisht plumbat e kan\u00eb prekur viktim\u00ebn n\u00eb k\u00ebmb\u00eb, nd\u00ebrsa ai rr\u00ebzohet.<\/p>\n<div class=\"videoime\" data-mce-contenteditable=\"false\">\n<div style=\"width: 636px;\" class=\"wp-video\"><!--[if lt IE 9]><script>document.createElement('video');<\/script><![endif]-->\n<video class=\"wp-video-shortcode\" id=\"video-64995-1\" width=\"636\" height=\"360\" preload=\"metadata\" controls=\"controls\"><source type=\"video\/mp4\" src=\"https:\/\/jugulajm.net\/wp-content\/uploads\/2023\/09\/Dalin-pamjet-e-vrasjes-se-41-vjecarit-ne-Vlore-E-TJERA.mp4?_=1\" \/><a href=\"https:\/\/jugulajm.net\/wp-content\/uploads\/2023\/09\/Dalin-pamjet-e-vrasjes-se-41-vjecarit-ne-Vlore-E-TJERA.mp4\">https:\/\/jugulajm.net\/wp-content\/uploads\/2023\/09\/Dalin-pamjet-e-vrasjes-se-41-vjecarit-ne-Vlore-E-TJERA.mp4<\/a><\/video><\/div>\n<\/div>\n<p>Autor\u00ebt kan\u00eb q\u00eblluar me bresh\u00ebri, nd\u00ebrsa gjurm\u00eb plumbash jan\u00eb gjetur n\u00eb muret e banesave p\u00ebrreth, madje edhe n\u00eb ballkonin e nj\u00eb apartamenti.<\/p>\n<p>Ngjarja ndodhi rreth or\u00ebs 21:50, n\u00eb lagjen \u201c28-N\u00ebntori\u201d, n\u00eb rrethana ende t\u00eb paqarta. M\u00ebsohet se viktima ka qen\u00eb duke udh\u00ebtuar me motor, kur \u00ebsht\u00eb q\u00eblluar me arm\u00eb zjarri nga nj\u00eb person i maskuar, i cili ndodhej n\u00eb nj\u00eb makin\u00eb.<\/p>\n<p>Makina \u201cAudi\u201d q\u00eb dyshohet se \u00ebsht\u00eb p\u00ebrdorur p\u00ebr krim \u00ebsht\u00eb gjetur bashk\u00eb me kallashnikovin brenda totalisht e shkrumbuar n\u00eb fshatin Kot\u00eb n\u00eb Vlor\u00eb.<\/p>\n<p>\u201cNga kontrolli i zon\u00ebs, n\u00eb aksin rrugor \u201cKot\u00eb- Sevaster\u201d, sh\u00ebrbimet e Policis\u00eb kan\u00eb konstatuar nj\u00eb automjet tip \u201cAudi\u201d, duke u djegur\u201d, sqaroi policia n\u00eb njoftimin zyrtar.<\/p>\n","protected":false},"excerpt":{"rendered":"<p>Dalin pamjet nga atentati i ndodhur mbr\u00ebmjen e djeshme n\u00eb Vlor\u00eb, ku u ekzekutua 41-vje\u00e7ari Leartiad Kekaj. Makina \u201cAudi A6\u201d me targa italiane, me xhama t\u00eb zinj kishte n\u00eb brend\u00ebsi t\u00eb saj dy persona, shoferin dhe qit\u00ebsin. Referuar pamjeve, automjeti ik\u00ebn dhe kthehet mbrapsht me \u201cindietro\u201d dhe e riq\u00ebllojn\u00eb nga brenda makin\u00ebs 4 her\u00eb n\u00eb [&hellip;]<\/p>\n","protected":false},"author":5,"featured_media":64997,"comment_status":"closed","ping_status":"closed","sticky":false,"template":"","format":"standard","meta":{"footnotes":""},"categories":[1,6332],"tags":[26218],"class_list":{"0":"post-64995","1":"post","2":"type-post","3":"status-publish","4":"format-standard","5":"has-post-thumbnail","7":"category-aktualitet","8":"category-te-fundit","9":"tag-video-pamje-nga-vrasja-e-41-vjecarit-mbremjen-e-djeshme-ne-vlore"},"_links":{"self":[{"href":"https:\/\/jugulajm.net\/index.php?rest_route=\/wp\/v2\/posts\/64995","targetHints":{"allow":["GET"]}}],"collection":[{"href":"https:\/\/jugulajm.net\/index.php?rest_route=\/wp\/v2\/posts"}],"about":[{"href":"https:\/\/jugulajm.net\/index.php?rest_route=\/wp\/v2\/types\/post"}],"author":[{"embeddable":true,"href":"https:\/\/jugulajm.net\/index.php?rest_route=\/wp\/v2\/users\/5"}],"replies":[{"embeddable":true,"href":"https:\/\/jugulajm.net\/index.php?rest_route=%2Fwp%2Fv2%2Fcomments&post=64995"}],"version-history":[{"count":0,"href":"https:\/\/jugulajm.net\/index.php?rest_route=\/wp\/v2\/posts\/64995\/revisions"}],"wp:featuredmedia":[{"embeddable":true,"href":"https:\/\/jugulajm.net\/index.php?rest_route=\/wp\/v2\/media\/64997"}],"wp:attachment":[{"href":"https:\/\/jugulajm.net\/index.php?rest_route=%2Fwp%2Fv2%2Fmedia&parent=64995"}],"wp:term":[{"taxonomy":"category","embeddable":true,"href":"https:\/\/jugulajm.net\/index.php?rest_route=%2Fwp%2Fv2%2Fcategories&post=64995"},{"taxonomy":"post_tag","embeddable":true,"href":"https:\/\/jugulajm.net\/index.php?rest_route=%2Fwp%2Fv2%2Ftags&post=64995"}],"curies":[{"name":"wp","href":"https:\/\/api.w.org\/{rel}","templated":true}]}}