{"id":64953,"date":"2023-09-09T17:02:57","date_gmt":"2023-09-09T15:02:57","guid":{"rendered":"https:\/\/jugulajm.net\/?p=64953"},"modified":"2023-09-09T17:03:30","modified_gmt":"2023-09-09T15:03:30","slug":"polici-u-perfshi-ne-sherr-balla-nuk-mund-te-qendroje-me-ne-ate-pozicion","status":"publish","type":"post","link":"https:\/\/jugulajm.net\/?p=64953","title":{"rendered":"Polici u p\u00ebrfshi n\u00eb sherr, reagon Balla: Nuk mund t\u00eb q\u00ebndroj\u00eb m\u00eb n\u00eb at\u00eb pozicion"},"content":{"rendered":"<p>Ministri i Brendsh\u00ebm, Taulant Balla ka reaguar pas nj\u00eb ngjarje t\u00eb ndodhur n\u00eb Tiran\u00eb n\u00eb or\u00ebt e kara t\u00eb mengjesit ku u p\u00ebrfshi dhe nj\u00eb punonj\u00ebs policie.<\/p>\n<p>Balla n\u00eb nj\u00eb postim n\u00eb rrjetet sociale u tregua i prer\u00eb se nj\u00eb person i till\u00eb nuk mund t\u00eb q\u00ebndroj\u00eb n\u00eb radh\u00ebt e policis\u00eb s\u00eb shtetit.<\/p>\n<p>Ai thot\u00eb se vet\u00ebpastrim n\u00eb Policin\u00eb e Shtetit do ti shkohet deri n\u00eb fund nd\u00ebrkoh\u00eb i b\u00ebn thirrje AMP-se p\u00ebr hetime p\u00ebr individin e p\u00ebrfshir\u00eb n\u00eb sherr.<\/p>\n<p><em><strong>Ja postimi i plot\u00eb i Ball\u00ebs:<\/strong><\/em><\/p>\n<p>Vet\u00ebpastrimit t\u00eb Policis\u00eb s\u00eb Shtetit do t\u2019i shkohet deri n\u00eb fund dhe asnj\u00eb rast i shkeljes s\u00eb ligjit dhe normave etike nuk do t\u00eb tolerohet. Rikthimi i plot\u00eb i besimit t\u00eb qytetar\u00ebve tek Policia e Shtetit \u00ebsht\u00eb p\u00ebrpjekja ime kryesore si Minist\u00ebr i Brendsh\u00ebm dhe e drejtuesve t\u00eb Policis\u00eb s\u00eb Shtetit, me angazhimin p\u00ebr tu ofruar qytetar\u00ebve nivelin e duhur t\u00eb sjelljes, profesionalizmit dhe sh\u00ebrbimit t\u00eb siguris\u00eb publike. Duhet gjithashtu t\u00eb jet\u00eb e qart\u00eb se kush nuk i bindet urdh\u00ebrit\/thirrjes s\u00eb ligjshme t\u00eb policit, ose m\u00eb r\u00ebnd\u00eb akoma e kund\u00ebrshton me forc\u00eb, guxon ta fyej\u00eb, ta agresoj\u00eb, ta kanos\u00eb, ta godas\u00eb apo larg qoft\u00eb t\u2019i rrezikoj\u00eb jet\u00ebn n\u00eb ushtrim t\u00eb detyr\u00ebs apo p\u00ebr shkak t\u00eb detyr\u00ebs, duhet ta ket\u00eb t\u00eb qart\u00eb q\u00eb toleranca do t\u00eb jet\u00eb ZERO.<\/p>\n<p>Por n\u00eb rast se nj\u00eb punonj\u00ebs i Policis\u00eb s\u00eb Shtetit, si\u00e7 jam informuar sot duke u gdhir\u00eb n\u00eb Tiran\u00eb, b\u00ebhet pal\u00eb n\u00eb nj\u00eb konflikt fizik, nd\u00ebrsa do t\u00eb duhej t\u00eb nd\u00ebrhynte menj\u00ebher\u00eb n\u00eb vendosjen e rregullit, at\u00ebher\u00eb ky individ nuk mund t\u00eb q\u00ebndroj\u00eb m\u00eb p\u00ebr asnj\u00eb \u00e7ast n\u00eb Policin\u00eb e Shtetit. Nd\u00ebrkoh\u00eb AMP dhe Prokuroria t\u00eb vazhdojn\u00eb verifikimet dhe hetimet e tyre ligjore!<\/p>\n","protected":false},"excerpt":{"rendered":"<p>Ministri i Brendsh\u00ebm, Taulant Balla ka reaguar pas nj\u00eb ngjarje t\u00eb ndodhur n\u00eb Tiran\u00eb n\u00eb or\u00ebt e kara t\u00eb mengjesit ku u p\u00ebrfshi dhe nj\u00eb punonj\u00ebs policie. Balla n\u00eb nj\u00eb postim n\u00eb rrjetet sociale u tregua i prer\u00eb se nj\u00eb person i till\u00eb nuk mund t\u00eb q\u00ebndroj\u00eb n\u00eb radh\u00ebt e policis\u00eb s\u00eb shtetit. Ai thot\u00eb [&hellip;]<\/p>\n","protected":false},"author":5,"featured_media":62844,"comment_status":"closed","ping_status":"closed","sticky":false,"template":"","format":"standard","meta":{"footnotes":""},"categories":[1,6332],"tags":[26196],"class_list":{"0":"post-64953","1":"post","2":"type-post","3":"status-publish","4":"format-standard","5":"has-post-thumbnail","7":"category-aktualitet","8":"category-te-fundit","9":"tag-polici-u-perfshi-ne-sherr-balla-nuk-mund-te-qendroje-me-ne-ate-pozicion"},"_links":{"self":[{"href":"https:\/\/jugulajm.net\/index.php?rest_route=\/wp\/v2\/posts\/64953","targetHints":{"allow":["GET"]}}],"collection":[{"href":"https:\/\/jugulajm.net\/index.php?rest_route=\/wp\/v2\/posts"}],"about":[{"href":"https:\/\/jugulajm.net\/index.php?rest_route=\/wp\/v2\/types\/post"}],"author":[{"embeddable":true,"href":"https:\/\/jugulajm.net\/index.php?rest_route=\/wp\/v2\/users\/5"}],"replies":[{"embeddable":true,"href":"https:\/\/jugulajm.net\/index.php?rest_route=%2Fwp%2Fv2%2Fcomments&post=64953"}],"version-history":[{"count":0,"href":"https:\/\/jugulajm.net\/index.php?rest_route=\/wp\/v2\/posts\/64953\/revisions"}],"wp:featuredmedia":[{"embeddable":true,"href":"https:\/\/jugulajm.net\/index.php?rest_route=\/wp\/v2\/media\/62844"}],"wp:attachment":[{"href":"https:\/\/jugulajm.net\/index.php?rest_route=%2Fwp%2Fv2%2Fmedia&parent=64953"}],"wp:term":[{"taxonomy":"category","embeddable":true,"href":"https:\/\/jugulajm.net\/index.php?rest_route=%2Fwp%2Fv2%2Fcategories&post=64953"},{"taxonomy":"post_tag","embeddable":true,"href":"https:\/\/jugulajm.net\/index.php?rest_route=%2Fwp%2Fv2%2Ftags&post=64953"}],"curies":[{"name":"wp","href":"https:\/\/api.w.org\/{rel}","templated":true}]}}