{"id":64928,"date":"2023-09-08T22:38:34","date_gmt":"2023-09-08T20:38:34","guid":{"rendered":"https:\/\/jugulajm.net\/?p=64928"},"modified":"2023-09-08T22:39:09","modified_gmt":"2023-09-08T20:39:09","slug":"emri-foto-itali-nderron-jete-shqiptari-29-vjecar-perplas-nga-nje-makine","status":"publish","type":"post","link":"https:\/\/jugulajm.net\/?p=64928","title":{"rendered":"EMRI-FOTO\/ Itali, nd\u00ebrron jet\u00eb shqiptari 29-vje\u00e7ar, u p\u00ebrplas nga nj\u00eb makin\u00eb"},"content":{"rendered":"<p>Nj\u00eb ngjarje e r\u00ebnd\u00eb ka ndodhur n\u00eb Itali, ku nj\u00eb 29-vje\u00e7ar shqiptar ka humbur jet\u00ebn.<\/p>\n<p><a href=\"https:\/\/bari.repubblica.it\/cronaca\/2023\/09\/08\/news\/la_moto_prende_fuoco_dopo_lo_scontro_con_unauto_aldo_gjoka_e_morto_sul_colpo_come_il_suo_grande_amico_cristiano-413706337\/\">Mediat italiane<\/a>\u00a0shkruajn\u00eb se shqiptari, Aldo Gjoka, u p\u00ebrplas me nj\u00eb makin\u00eb tip \u2018Jaguar\u2019, ku drejtues ishte po ashtu nj\u00eb shqiptar.<\/p>\n<p>Motori i 29-vje\u00e7arit u p\u00ebrplas me murin rrethues dhe shp\u00ebrtheu n\u00eb flak\u00eb, duke humbur jet\u00ebn n\u00eb moment. Ngjarja ka ndodhur m\u00eb 7 shtator.<\/p>\n<p>Prej vitesh, Gjoka jetonte me familjen e tij n\u00eb Le\u00e7e.<\/p>\n","protected":false},"excerpt":{"rendered":"<p>Nj\u00eb ngjarje e r\u00ebnd\u00eb ka ndodhur n\u00eb Itali, ku nj\u00eb 29-vje\u00e7ar shqiptar ka humbur jet\u00ebn. Mediat italiane\u00a0shkruajn\u00eb se shqiptari, Aldo Gjoka, u p\u00ebrplas me nj\u00eb makin\u00eb tip \u2018Jaguar\u2019, ku drejtues ishte po ashtu nj\u00eb shqiptar. Motori i 29-vje\u00e7arit u p\u00ebrplas me murin rrethues dhe shp\u00ebrtheu n\u00eb flak\u00eb, duke humbur jet\u00ebn n\u00eb moment. Ngjarja ka ndodhur [&hellip;]<\/p>\n","protected":false},"author":5,"featured_media":64929,"comment_status":"closed","ping_status":"closed","sticky":false,"template":"","format":"standard","meta":{"footnotes":""},"categories":[1,6332],"tags":[23305,26186,26187],"class_list":{"0":"post-64928","1":"post","2":"type-post","3":"status-publish","4":"format-standard","5":"has-post-thumbnail","7":"category-aktualitet","8":"category-te-fundit","9":"tag-emri-foto-itali","10":"tag-nderron-jete-shqiptari-29-vjecar","11":"tag-perplas-nga-nje-makine"},"_links":{"self":[{"href":"https:\/\/jugulajm.net\/index.php?rest_route=\/wp\/v2\/posts\/64928","targetHints":{"allow":["GET"]}}],"collection":[{"href":"https:\/\/jugulajm.net\/index.php?rest_route=\/wp\/v2\/posts"}],"about":[{"href":"https:\/\/jugulajm.net\/index.php?rest_route=\/wp\/v2\/types\/post"}],"author":[{"embeddable":true,"href":"https:\/\/jugulajm.net\/index.php?rest_route=\/wp\/v2\/users\/5"}],"replies":[{"embeddable":true,"href":"https:\/\/jugulajm.net\/index.php?rest_route=%2Fwp%2Fv2%2Fcomments&post=64928"}],"version-history":[{"count":0,"href":"https:\/\/jugulajm.net\/index.php?rest_route=\/wp\/v2\/posts\/64928\/revisions"}],"wp:featuredmedia":[{"embeddable":true,"href":"https:\/\/jugulajm.net\/index.php?rest_route=\/wp\/v2\/media\/64929"}],"wp:attachment":[{"href":"https:\/\/jugulajm.net\/index.php?rest_route=%2Fwp%2Fv2%2Fmedia&parent=64928"}],"wp:term":[{"taxonomy":"category","embeddable":true,"href":"https:\/\/jugulajm.net\/index.php?rest_route=%2Fwp%2Fv2%2Fcategories&post=64928"},{"taxonomy":"post_tag","embeddable":true,"href":"https:\/\/jugulajm.net\/index.php?rest_route=%2Fwp%2Fv2%2Ftags&post=64928"}],"curies":[{"name":"wp","href":"https:\/\/api.w.org\/{rel}","templated":true}]}}