{"id":64911,"date":"2023-09-08T17:13:44","date_gmt":"2023-09-08T15:13:44","guid":{"rendered":"https:\/\/jugulajm.net\/?p=64911"},"modified":"2023-09-08T17:13:44","modified_gmt":"2023-09-08T15:13:44","slug":"emri-foto-shpallet-ne-kerkim-58-vjecari-shqiptar-ne-belgjike-i-denuar-per-trafik-droge","status":"publish","type":"post","link":"https:\/\/jugulajm.net\/?p=64911","title":{"rendered":"EMRI-FOTO\/ Shpallet n\u00eb k\u00ebrkim 58-vje\u00e7ari shqiptar n\u00eb Belgjik\u00eb, i d\u00ebnuar p\u00ebr trafik droge"},"content":{"rendered":"<p>Nj\u00eb 58-vje\u00e7ar shqiptar \u00ebsht\u00eb shpallur n\u00eb k\u00ebrkim nga autoritetet belge. Mediat e huaja shkruajn\u00eb se Prokuroria Publike\u00a0 dhe ajo e P\u00ebrgjithshme e Brukselit dhe policia jan\u00eb n\u00eb k\u00ebrkim t\u00eb t\u00eb arratisurit\u00a0Haredin Fejzulla.<\/p>\n<p>Haredini u d\u00ebnua me 9 dhe 4 vjet burgim nga Gjykata e Shkall\u00ebs s\u00eb Par\u00eb t\u00eb Brukselit, si dhe 5 vjet nga Gjykata e Apelit t\u00eb Brukselit, p\u00ebr veprat penale t\u00eb trafikut t\u00eb l\u00ebnd\u00ebve narkotike dhe p\u00ebrkat\u00ebsis\u00eb n\u00eb organizat\u00eb kriminale, pra 18 vjet n\u00eb total.<\/p>\n<p>Sakaq policia belge ka v\u00ebn\u00eb n\u00eb dispozicion nj\u00eb num\u00ebr, p\u00ebr cilindo q\u00eb ka informacione p\u00ebr shqiptarin e shpallur n\u00eb k\u00ebrkim.<\/p>\n","protected":false},"excerpt":{"rendered":"<p>Nj\u00eb 58-vje\u00e7ar shqiptar \u00ebsht\u00eb shpallur n\u00eb k\u00ebrkim nga autoritetet belge. Mediat e huaja shkruajn\u00eb se Prokuroria Publike\u00a0 dhe ajo e P\u00ebrgjithshme e Brukselit dhe policia jan\u00eb n\u00eb k\u00ebrkim t\u00eb t\u00eb arratisurit\u00a0Haredin Fejzulla. Haredini u d\u00ebnua me 9 dhe 4 vjet burgim nga Gjykata e Shkall\u00ebs s\u00eb Par\u00eb t\u00eb Brukselit, si dhe 5 vjet nga Gjykata [&hellip;]<\/p>\n","protected":false},"author":5,"featured_media":64912,"comment_status":"closed","ping_status":"closed","sticky":false,"template":"","format":"standard","meta":{"footnotes":""},"categories":[1,6332],"tags":[26178,26179],"class_list":{"0":"post-64911","1":"post","2":"type-post","3":"status-publish","4":"format-standard","5":"has-post-thumbnail","7":"category-aktualitet","8":"category-te-fundit","9":"tag-emri-foto-shpallet-ne-kerkim-58-vjecari-shqiptar-ne-belgjike","10":"tag-i-denuar-per-trafik-droge"},"_links":{"self":[{"href":"https:\/\/jugulajm.net\/index.php?rest_route=\/wp\/v2\/posts\/64911","targetHints":{"allow":["GET"]}}],"collection":[{"href":"https:\/\/jugulajm.net\/index.php?rest_route=\/wp\/v2\/posts"}],"about":[{"href":"https:\/\/jugulajm.net\/index.php?rest_route=\/wp\/v2\/types\/post"}],"author":[{"embeddable":true,"href":"https:\/\/jugulajm.net\/index.php?rest_route=\/wp\/v2\/users\/5"}],"replies":[{"embeddable":true,"href":"https:\/\/jugulajm.net\/index.php?rest_route=%2Fwp%2Fv2%2Fcomments&post=64911"}],"version-history":[{"count":0,"href":"https:\/\/jugulajm.net\/index.php?rest_route=\/wp\/v2\/posts\/64911\/revisions"}],"wp:featuredmedia":[{"embeddable":true,"href":"https:\/\/jugulajm.net\/index.php?rest_route=\/wp\/v2\/media\/64912"}],"wp:attachment":[{"href":"https:\/\/jugulajm.net\/index.php?rest_route=%2Fwp%2Fv2%2Fmedia&parent=64911"}],"wp:term":[{"taxonomy":"category","embeddable":true,"href":"https:\/\/jugulajm.net\/index.php?rest_route=%2Fwp%2Fv2%2Fcategories&post=64911"},{"taxonomy":"post_tag","embeddable":true,"href":"https:\/\/jugulajm.net\/index.php?rest_route=%2Fwp%2Fv2%2Ftags&post=64911"}],"curies":[{"name":"wp","href":"https:\/\/api.w.org\/{rel}","templated":true}]}}