{"id":64886,"date":"2023-09-08T08:40:29","date_gmt":"2023-09-08T06:40:29","guid":{"rendered":"https:\/\/jugulajm.net\/?p=64886"},"modified":"2023-09-08T08:40:29","modified_gmt":"2023-09-08T06:40:29","slug":"lajm-i-fundit-gjendet-i-pajete-55-vjecari-ja-detajet","status":"publish","type":"post","link":"https:\/\/jugulajm.net\/?p=64886","title":{"rendered":"LAJM I FUNDIT\/ Gjendet i pajet\u00eb 55 vje\u00e7ari, ja detajet&#8230;"},"content":{"rendered":"<p>Nj\u00eb 55-vje\u00e7ar \u00ebsht\u00eb gjetur pa shenja jete n\u00eb af\u00ebrsi t\u00eb banes\u00ebs ku jetonte i vet\u00ebm, n\u00eb fshatin Guri i Kuq n\u00eb Pogradec.<\/p>\n<p>Turpi i 55-vje\u00e7arit me inicialet R.T, sipas burimeve zyrtare, nuk ka pasur shenja dhune dhe dyshohet se ka humbur jet\u00ebn p\u00ebr shkaqe natyrale.<\/p>\n<p><strong>Njoftimi i Policis\u00eb:<\/strong><\/p>\n<p><em>\u201cPogradec\/Informacion paraprak<\/em><\/p>\n<p><em>M\u00ebngjesin e sot\u00ebm, n\u00eb fshatin Guri i Kuq, Pogradec, n\u00eb af\u00ebrsi t\u00eb banes\u00ebs ku jetonte i vet\u00ebm, \u00ebsht\u00eb gjetur i pajet\u00eb, pa shenja dhune, shtetasi R. T., rreth 55 vje\u00e7, i cili dyshohet t\u00eb ket\u00eb nd\u00ebrruar jet\u00eb p\u00ebr shkaqe natyrore.<\/em><\/p>\n<p><em>Grupi hetimor po punon p\u00ebr sqarimin e rrethanave t\u00eb ngjarjes\u201d.<\/em><\/p>\n","protected":false},"excerpt":{"rendered":"<p>Nj\u00eb 55-vje\u00e7ar \u00ebsht\u00eb gjetur pa shenja jete n\u00eb af\u00ebrsi t\u00eb banes\u00ebs ku jetonte i vet\u00ebm, n\u00eb fshatin Guri i Kuq n\u00eb Pogradec. Turpi i 55-vje\u00e7arit me inicialet R.T, sipas burimeve zyrtare, nuk ka pasur shenja dhune dhe dyshohet se ka humbur jet\u00ebn p\u00ebr shkaqe natyrale. Njoftimi i Policis\u00eb: \u201cPogradec\/Informacion paraprak M\u00ebngjesin e sot\u00ebm, n\u00eb fshatin [&hellip;]<\/p>\n","protected":false},"author":5,"featured_media":55172,"comment_status":"closed","ping_status":"closed","sticky":false,"template":"","format":"standard","meta":{"footnotes":""},"categories":[1,6332],"tags":[21500,26168],"class_list":{"0":"post-64886","1":"post","2":"type-post","3":"status-publish","4":"format-standard","5":"has-post-thumbnail","7":"category-aktualitet","8":"category-te-fundit","9":"tag-ja-detajet","10":"tag-lajm-i-fundit-gjendet-i-pajete-55-vjecari"},"_links":{"self":[{"href":"https:\/\/jugulajm.net\/index.php?rest_route=\/wp\/v2\/posts\/64886","targetHints":{"allow":["GET"]}}],"collection":[{"href":"https:\/\/jugulajm.net\/index.php?rest_route=\/wp\/v2\/posts"}],"about":[{"href":"https:\/\/jugulajm.net\/index.php?rest_route=\/wp\/v2\/types\/post"}],"author":[{"embeddable":true,"href":"https:\/\/jugulajm.net\/index.php?rest_route=\/wp\/v2\/users\/5"}],"replies":[{"embeddable":true,"href":"https:\/\/jugulajm.net\/index.php?rest_route=%2Fwp%2Fv2%2Fcomments&post=64886"}],"version-history":[{"count":0,"href":"https:\/\/jugulajm.net\/index.php?rest_route=\/wp\/v2\/posts\/64886\/revisions"}],"wp:featuredmedia":[{"embeddable":true,"href":"https:\/\/jugulajm.net\/index.php?rest_route=\/wp\/v2\/media\/55172"}],"wp:attachment":[{"href":"https:\/\/jugulajm.net\/index.php?rest_route=%2Fwp%2Fv2%2Fmedia&parent=64886"}],"wp:term":[{"taxonomy":"category","embeddable":true,"href":"https:\/\/jugulajm.net\/index.php?rest_route=%2Fwp%2Fv2%2Fcategories&post=64886"},{"taxonomy":"post_tag","embeddable":true,"href":"https:\/\/jugulajm.net\/index.php?rest_route=%2Fwp%2Fv2%2Ftags&post=64886"}],"curies":[{"name":"wp","href":"https:\/\/api.w.org\/{rel}","templated":true}]}}