{"id":64838,"date":"2023-09-07T11:36:26","date_gmt":"2023-09-07T09:36:26","guid":{"rendered":"https:\/\/jugulajm.net\/?p=64838"},"modified":"2023-09-07T11:36:26","modified_gmt":"2023-09-07T09:36:26","slug":"foto-benzi-perplaset-me-furgonin-permbysen-2-makinat-plagosen-2-drejtuesit","status":"publish","type":"post","link":"https:\/\/jugulajm.net\/?p=64838","title":{"rendered":"FOTO\/ &#8220;Benzi\u201d p\u00ebrplaset me furgonin, p\u00ebrmbysen 2 makinat, plagosen 2 drejtuesit"},"content":{"rendered":"<p>Nj\u00eb aksident i r\u00ebnd\u00eb ka ndodhur para pak minutash n\u00eb af\u00ebrsi t\u00eb Qaf\u00ebs s\u00eb Koshovic\u00ebs n\u00eb Fier ku jan\u00eb p\u00ebrplasur dy automjete.<\/p>\n<p>Nj\u00eb automjet tip \u201c Benz\u201d \u00ebsht\u00eb p\u00ebrplasur me nj\u00eb furgon \u201cCheck-Up\u201d dhe si pasoj\u00eb e p\u00ebrplasjes s\u00eb fort\u00eb jan\u00eb plagosur dy drejtuesit e mjeteve, t\u00eb cil\u00ebt jan\u00eb d\u00ebrguar me urgjenc\u00eb drejt spitalit rajonal t\u00eb Fierit.<\/p>\n<p>Furgoni pas daljes nga rruga ka p\u00ebrfunduar ne kanalin an\u00ebsor teksa \u00ebsht\u00eb kthyer p\u00ebrmbys.<\/p>\n<p>N\u00eb vendngjarje ndodhet policia dhe grupi hetimor t\u00eb cil\u00ebt po zbardhin dinamik\u00ebn e k\u00ebtij aksidenti t\u00eb r\u00ebnd\u00eb, jo vet\u00ebm m\u00eb t\u00eb plagosur por edhe me d\u00ebme t\u00eb shumta materiale.<\/p>\n<p>Nd\u00ebrkoh\u00eb n\u00eb k\u00ebt\u00eb aks \u00ebsht\u00eb krijuar edhe nj\u00eb radh\u00eb e gjat\u00eb automjetesh prej disa kilometrash.<\/p>\n","protected":false},"excerpt":{"rendered":"<p>Nj\u00eb aksident i r\u00ebnd\u00eb ka ndodhur para pak minutash n\u00eb af\u00ebrsi t\u00eb Qaf\u00ebs s\u00eb Koshovic\u00ebs n\u00eb Fier ku jan\u00eb p\u00ebrplasur dy automjete. Nj\u00eb automjet tip \u201c Benz\u201d \u00ebsht\u00eb p\u00ebrplasur me nj\u00eb furgon \u201cCheck-Up\u201d dhe si pasoj\u00eb e p\u00ebrplasjes s\u00eb fort\u00eb jan\u00eb plagosur dy drejtuesit e mjeteve, t\u00eb cil\u00ebt jan\u00eb d\u00ebrguar me urgjenc\u00eb drejt spitalit rajonal [&hellip;]<\/p>\n","protected":false},"author":5,"featured_media":64839,"comment_status":"closed","ping_status":"closed","sticky":false,"template":"","format":"standard","meta":{"footnotes":""},"categories":[1,6332],"tags":[26141,26142,26143],"class_list":{"0":"post-64838","1":"post","2":"type-post","3":"status-publish","4":"format-standard","5":"has-post-thumbnail","7":"category-aktualitet","8":"category-te-fundit","9":"tag-foto-benzi-perplaset-me-furgonin","10":"tag-permbysen-2-makinat","11":"tag-plagosen-2-drejtuesit"},"_links":{"self":[{"href":"https:\/\/jugulajm.net\/index.php?rest_route=\/wp\/v2\/posts\/64838","targetHints":{"allow":["GET"]}}],"collection":[{"href":"https:\/\/jugulajm.net\/index.php?rest_route=\/wp\/v2\/posts"}],"about":[{"href":"https:\/\/jugulajm.net\/index.php?rest_route=\/wp\/v2\/types\/post"}],"author":[{"embeddable":true,"href":"https:\/\/jugulajm.net\/index.php?rest_route=\/wp\/v2\/users\/5"}],"replies":[{"embeddable":true,"href":"https:\/\/jugulajm.net\/index.php?rest_route=%2Fwp%2Fv2%2Fcomments&post=64838"}],"version-history":[{"count":0,"href":"https:\/\/jugulajm.net\/index.php?rest_route=\/wp\/v2\/posts\/64838\/revisions"}],"wp:featuredmedia":[{"embeddable":true,"href":"https:\/\/jugulajm.net\/index.php?rest_route=\/wp\/v2\/media\/64839"}],"wp:attachment":[{"href":"https:\/\/jugulajm.net\/index.php?rest_route=%2Fwp%2Fv2%2Fmedia&parent=64838"}],"wp:term":[{"taxonomy":"category","embeddable":true,"href":"https:\/\/jugulajm.net\/index.php?rest_route=%2Fwp%2Fv2%2Fcategories&post=64838"},{"taxonomy":"post_tag","embeddable":true,"href":"https:\/\/jugulajm.net\/index.php?rest_route=%2Fwp%2Fv2%2Ftags&post=64838"}],"curies":[{"name":"wp","href":"https:\/\/api.w.org\/{rel}","templated":true}]}}