{"id":64805,"date":"2023-09-06T14:20:06","date_gmt":"2023-09-06T12:20:06","guid":{"rendered":"https:\/\/jugulajm.net\/?p=64805"},"modified":"2023-09-06T14:21:01","modified_gmt":"2023-09-06T12:21:01","slug":"moti-i-keq-ne-greqi-humb-jeten-shqiptarja-51-vjecare-ja-se-si","status":"publish","type":"post","link":"https:\/\/jugulajm.net\/?p=64805","title":{"rendered":"Moti i keq n\u00eb Greqi\/ Humb jet\u00ebn shqiptari 51-vje\u00e7ar, ja se si&#8230;"},"content":{"rendered":"<p>Situata e p\u00ebrmbytjeve t\u00eb dit\u00ebve t\u00eb fundit si pasoj\u00eb e stuhis\u00eb q\u00eb ka goditu Ballkanin Jugor, ka thelluar bilancin e viktimave n\u00eb Greqi, ku deri me tani num\u00ebrohen 2 t\u00eb vdekur dhe 3 t\u00eb zhdukur.<\/p>\n<p><a href=\"https:\/\/www.bbc.com\/news\/av\/world-europe-66721381\"><strong>Mediat e huaja<\/strong><\/a>\u00a0b\u00ebjn\u00eb t\u00eb ditur se nj\u00eb prej viktimave \u00ebsht\u00eb nj\u00eb fermer shqiptar 51-vje\u00e7ar.<\/p>\n<p>M\u00ebsohet se 51-vje\u00e7ari ka humbur jet\u00ebn si pasoj\u00eb e shembjes s\u00eb nj\u00eb muri n\u00eb Volos, qytetin e goditur m\u00eb r\u00ebnd\u00eb nga p\u00ebrmbytjet.<\/p>\n","protected":false},"excerpt":{"rendered":"<p>Situata e p\u00ebrmbytjeve t\u00eb dit\u00ebve t\u00eb fundit si pasoj\u00eb e stuhis\u00eb q\u00eb ka goditu Ballkanin Jugor, ka thelluar bilancin e viktimave n\u00eb Greqi, ku deri me tani num\u00ebrohen 2 t\u00eb vdekur dhe 3 t\u00eb zhdukur. Mediat e huaja\u00a0b\u00ebjn\u00eb t\u00eb ditur se nj\u00eb prej viktimave \u00ebsht\u00eb nj\u00eb fermer shqiptar 51-vje\u00e7ar. M\u00ebsohet se 51-vje\u00e7ari ka humbur jet\u00ebn [&hellip;]<\/p>\n","protected":false},"author":5,"featured_media":64806,"comment_status":"closed","ping_status":"closed","sticky":false,"template":"","format":"standard","meta":{"footnotes":""},"categories":[1,6332],"tags":[24152,26127],"class_list":{"0":"post-64805","1":"post","2":"type-post","3":"status-publish","4":"format-standard","5":"has-post-thumbnail","7":"category-aktualitet","8":"category-te-fundit","9":"tag-ja-se-si","10":"tag-moti-i-keq-ne-greqi-humb-jeten-shqiptari-51-vjecar"},"_links":{"self":[{"href":"https:\/\/jugulajm.net\/index.php?rest_route=\/wp\/v2\/posts\/64805","targetHints":{"allow":["GET"]}}],"collection":[{"href":"https:\/\/jugulajm.net\/index.php?rest_route=\/wp\/v2\/posts"}],"about":[{"href":"https:\/\/jugulajm.net\/index.php?rest_route=\/wp\/v2\/types\/post"}],"author":[{"embeddable":true,"href":"https:\/\/jugulajm.net\/index.php?rest_route=\/wp\/v2\/users\/5"}],"replies":[{"embeddable":true,"href":"https:\/\/jugulajm.net\/index.php?rest_route=%2Fwp%2Fv2%2Fcomments&post=64805"}],"version-history":[{"count":0,"href":"https:\/\/jugulajm.net\/index.php?rest_route=\/wp\/v2\/posts\/64805\/revisions"}],"wp:featuredmedia":[{"embeddable":true,"href":"https:\/\/jugulajm.net\/index.php?rest_route=\/wp\/v2\/media\/64806"}],"wp:attachment":[{"href":"https:\/\/jugulajm.net\/index.php?rest_route=%2Fwp%2Fv2%2Fmedia&parent=64805"}],"wp:term":[{"taxonomy":"category","embeddable":true,"href":"https:\/\/jugulajm.net\/index.php?rest_route=%2Fwp%2Fv2%2Fcategories&post=64805"},{"taxonomy":"post_tag","embeddable":true,"href":"https:\/\/jugulajm.net\/index.php?rest_route=%2Fwp%2Fv2%2Ftags&post=64805"}],"curies":[{"name":"wp","href":"https:\/\/api.w.org\/{rel}","templated":true}]}}