{"id":64765,"date":"2023-09-05T20:13:43","date_gmt":"2023-09-05T18:13:43","guid":{"rendered":"https:\/\/jugulajm.net\/?p=64765"},"modified":"2023-09-05T20:14:12","modified_gmt":"2023-09-05T18:14:12","slug":"lajm-i-fundit-emri-73-vjecari-gjendet-i-pajete-ne-mes-te-rruges","status":"publish","type":"post","link":"https:\/\/jugulajm.net\/?p=64765","title":{"rendered":"LAJM I FUNDIT!! (EMRI) 73-vje\u00e7ari gjendet i pajet\u00eb n\u00eb mes t\u00eb rrug\u00ebs"},"content":{"rendered":"<p>Nj\u00eb person \u00ebsht\u00eb gjendur pa shenja jete n\u00eb rrug\u00ebn e fshatit \u00c7erecec i Sip\u00ebrm, n\u00eb Bulqiz\u00eb.<\/p>\n<p>Personi \u00ebsht\u00eb pikasur nga kalimtar\u00eb t\u00eb rastit t\u00eb cil\u00ebt kan\u00eb njoftuar ambulanc\u00ebn si dhe policin\u00eb lokale.<\/p>\n<p>Burime pran\u00eb spitalit t\u00eb Bulqiz\u00ebs b\u00ebjn\u00eb me dije se viktima \u00ebsht\u00eb Zenel Mera, rreth 73-vje\u00e7 me banim n\u00eb fshatin Gjoric\u00eb.<\/p>\n<p>Nga t\u00eb dh\u00ebnat e para shtetasi i cili \u00ebsht\u00eb gjetur pa shenja jete nuk ka shenja dhune, dhe dyshohet p\u00ebr vdekje nga problemet sh\u00ebndet\u00ebsore.<\/p>\n<p>Nd\u00ebrkoh\u00eb policia dhe grupi hetimor kan\u00eb nisur hetimet rreth k\u00ebsaj ngjarje.<\/p>\n","protected":false},"excerpt":{"rendered":"<p>Nj\u00eb person \u00ebsht\u00eb gjendur pa shenja jete n\u00eb rrug\u00ebn e fshatit \u00c7erecec i Sip\u00ebrm, n\u00eb Bulqiz\u00eb. Personi \u00ebsht\u00eb pikasur nga kalimtar\u00eb t\u00eb rastit t\u00eb cil\u00ebt kan\u00eb njoftuar ambulanc\u00ebn si dhe policin\u00eb lokale. Burime pran\u00eb spitalit t\u00eb Bulqiz\u00ebs b\u00ebjn\u00eb me dije se viktima \u00ebsht\u00eb Zenel Mera, rreth 73-vje\u00e7 me banim n\u00eb fshatin Gjoric\u00eb. Nga t\u00eb dh\u00ebnat [&hellip;]<\/p>\n","protected":false},"author":5,"featured_media":56928,"comment_status":"closed","ping_status":"closed","sticky":false,"template":"","format":"standard","meta":{"footnotes":""},"categories":[1,6332],"tags":[26113],"class_list":{"0":"post-64765","1":"post","2":"type-post","3":"status-publish","4":"format-standard","5":"has-post-thumbnail","7":"category-aktualitet","8":"category-te-fundit","9":"tag-emri-73-vjecari-gjendet-i-pajete-ne-mes-te-rruges"},"_links":{"self":[{"href":"https:\/\/jugulajm.net\/index.php?rest_route=\/wp\/v2\/posts\/64765","targetHints":{"allow":["GET"]}}],"collection":[{"href":"https:\/\/jugulajm.net\/index.php?rest_route=\/wp\/v2\/posts"}],"about":[{"href":"https:\/\/jugulajm.net\/index.php?rest_route=\/wp\/v2\/types\/post"}],"author":[{"embeddable":true,"href":"https:\/\/jugulajm.net\/index.php?rest_route=\/wp\/v2\/users\/5"}],"replies":[{"embeddable":true,"href":"https:\/\/jugulajm.net\/index.php?rest_route=%2Fwp%2Fv2%2Fcomments&post=64765"}],"version-history":[{"count":0,"href":"https:\/\/jugulajm.net\/index.php?rest_route=\/wp\/v2\/posts\/64765\/revisions"}],"wp:featuredmedia":[{"embeddable":true,"href":"https:\/\/jugulajm.net\/index.php?rest_route=\/wp\/v2\/media\/56928"}],"wp:attachment":[{"href":"https:\/\/jugulajm.net\/index.php?rest_route=%2Fwp%2Fv2%2Fmedia&parent=64765"}],"wp:term":[{"taxonomy":"category","embeddable":true,"href":"https:\/\/jugulajm.net\/index.php?rest_route=%2Fwp%2Fv2%2Fcategories&post=64765"},{"taxonomy":"post_tag","embeddable":true,"href":"https:\/\/jugulajm.net\/index.php?rest_route=%2Fwp%2Fv2%2Ftags&post=64765"}],"curies":[{"name":"wp","href":"https:\/\/api.w.org\/{rel}","templated":true}]}}