{"id":64722,"date":"2023-09-04T19:15:14","date_gmt":"2023-09-04T17:15:14","guid":{"rendered":"https:\/\/jugulajm.net\/?p=64722"},"modified":"2023-09-04T19:15:14","modified_gmt":"2023-09-04T17:15:14","slug":"foto-ja-si-e-priten-ministret-lajmin-xhacka-e-priste-krifca-qesh-denaj-habitet-manastirliu-nervozohet","status":"publish","type":"post","link":"https:\/\/jugulajm.net\/?p=64722","title":{"rendered":"FOTO\/ Ja si e prit\u00ebn ministret lajmin, Xha\u00e7ka e priste, Krifca qesh, Denaj habitet, Manastirliu nervozohet&#8230;"},"content":{"rendered":"<p>Lajmi p\u00ebr em\u00ebrimin n\u00eb detyr\u00eb i ka kapur ministrat e rinj n\u00eb befasi.<\/p>\n<p>T\u00eb gjith\u00eb po prisnin me zemr\u00ebn ngrir\u00eb fundin e fjalimit t\u00eb kryeministrit.<\/p>\n<p>Disa u hutuan, si n\u00eb rastin e Anila Denajt e cila duket se n\u00eb fund pyet shoqet socialiste p\u00ebr emrin e ministris\u00eb q\u00eb tha Rama, t\u00eb cilat e urojn\u00eb.<\/p>\n<p>Frida Krifca duket se e priste pasi e mori me sportivitet duke qeshur.<\/p>\n<p>Po ashtu edhe Olta Xha\u00e7ka, q\u00eb e l\u00eb t\u00eb kuptohet mjaft qart\u00eb komunikimi me sy, nderkohe qe Manastirliu u duk e merzitur.<\/p>\n<p><img decoding=\"async\" src=\"https:\/\/scontent.ftia14-1.fna.fbcdn.net\/v\/t1.15752-9\/371980966_1032451184436814_6623830467359081618_n.png?_nc_cat=110&amp;ccb=1-7&amp;_nc_sid=ae9488&amp;_nc_ohc=zoLGIdEVQBEAX9le1Dx&amp;_nc_ht=scontent.ftia14-1.fna&amp;oh=03_AdSoROM9QXaTNXwHE6A1MdQype6KiV6tRdEeL9d26BO7mA&amp;oe=651D88B6\" alt=\"Nuk ka asnj\u00eb p\u00ebrshkrim t\u00eb disponuesh\u00ebm\" \/><\/p>\n","protected":false},"excerpt":{"rendered":"<p>Lajmi p\u00ebr em\u00ebrimin n\u00eb detyr\u00eb i ka kapur ministrat e rinj n\u00eb befasi. T\u00eb gjith\u00eb po prisnin me zemr\u00ebn ngrir\u00eb fundin e fjalimit t\u00eb kryeministrit. Disa u hutuan, si n\u00eb rastin e Anila Denajt e cila duket se n\u00eb fund pyet shoqet socialiste p\u00ebr emrin e ministris\u00eb q\u00eb tha Rama, t\u00eb cilat e urojn\u00eb. Frida [&hellip;]<\/p>\n","protected":false},"author":5,"featured_media":64723,"comment_status":"closed","ping_status":"closed","sticky":false,"template":"","format":"standard","meta":{"footnotes":""},"categories":[1,6326,6332],"tags":[26090,26087,26089,26091,26088],"class_list":{"0":"post-64722","1":"post","2":"type-post","3":"status-publish","4":"format-standard","5":"has-post-thumbnail","7":"category-aktualitet","8":"category-politike","9":"category-te-fundit","10":"tag-denaj-habitet","11":"tag-foto-ja-si-e-priten-ministret-lajmin","12":"tag-krifca-qesh","13":"tag-manastirliu-nervozohet","14":"tag-xhacka-e-priste"},"_links":{"self":[{"href":"https:\/\/jugulajm.net\/index.php?rest_route=\/wp\/v2\/posts\/64722","targetHints":{"allow":["GET"]}}],"collection":[{"href":"https:\/\/jugulajm.net\/index.php?rest_route=\/wp\/v2\/posts"}],"about":[{"href":"https:\/\/jugulajm.net\/index.php?rest_route=\/wp\/v2\/types\/post"}],"author":[{"embeddable":true,"href":"https:\/\/jugulajm.net\/index.php?rest_route=\/wp\/v2\/users\/5"}],"replies":[{"embeddable":true,"href":"https:\/\/jugulajm.net\/index.php?rest_route=%2Fwp%2Fv2%2Fcomments&post=64722"}],"version-history":[{"count":0,"href":"https:\/\/jugulajm.net\/index.php?rest_route=\/wp\/v2\/posts\/64722\/revisions"}],"wp:featuredmedia":[{"embeddable":true,"href":"https:\/\/jugulajm.net\/index.php?rest_route=\/wp\/v2\/media\/64723"}],"wp:attachment":[{"href":"https:\/\/jugulajm.net\/index.php?rest_route=%2Fwp%2Fv2%2Fmedia&parent=64722"}],"wp:term":[{"taxonomy":"category","embeddable":true,"href":"https:\/\/jugulajm.net\/index.php?rest_route=%2Fwp%2Fv2%2Fcategories&post=64722"},{"taxonomy":"post_tag","embeddable":true,"href":"https:\/\/jugulajm.net\/index.php?rest_route=%2Fwp%2Fv2%2Ftags&post=64722"}],"curies":[{"name":"wp","href":"https:\/\/api.w.org\/{rel}","templated":true}]}}