{"id":64715,"date":"2023-09-04T16:50:15","date_gmt":"2023-09-04T14:50:15","guid":{"rendered":"https:\/\/jugulajm.net\/?p=64715"},"modified":"2023-09-04T16:50:15","modified_gmt":"2023-09-04T14:50:15","slug":"jugulajm-e-paralajmeroi-rama-e-konfirmon-pas-pak-do-te-paraqes-propozimet-e-reja-per-ministra","status":"publish","type":"post","link":"https:\/\/jugulajm.net\/?p=64715","title":{"rendered":"Jugulajm e paralajm\u00ebroi, Rama e konfirmon: Pas pak do t\u00eb paraqes propozimet e reja p\u00ebr ministra&#8230;"},"content":{"rendered":"<p>Kryeministri Edi Rama ka paralajm\u00ebruar ndryshimet n\u00eb qeveri. P\u00ebrmes nj\u00eb postimi n\u00eb fb.<\/p>\n<p>Ashtu si\u00e7 e paralajmeroi Jugulajm.net para disa or\u00ebsh, Rama shprehet se n\u00eb or\u00ebn 17:00 do t\u00eb paraqes\u00eb propozimet p\u00ebr sekretariatin e ri ekzekutiv t\u00eb partis\u00eb nd\u00ebrsa dit\u00ebn e nes\u00ebrme do t\u2019i drejtohet Presidentit p\u00ebr miratimin e tyre.<\/p>\n<p>\u201cPas pak, n\u00eb 17.00, fjala ime drejtuar Asambles\u00eb Komb\u00ebtare t\u00eb Partis\u00eb Socialiste, propozimi i Sekretariatit t\u00eb ri Ekzekutiv t\u00eb partis\u00eb dhe paraqitja e propozimeve q\u00eb do t\u2019i drejtoj nes\u00ebr Presidentit t\u00eb Republik\u00ebs p\u00ebr kabinetin e ri qeveritar \u201d, shkruan Rama krahas postimit n\u00eb fb.<\/p>\n","protected":false},"excerpt":{"rendered":"<p>Kryeministri Edi Rama ka paralajm\u00ebruar ndryshimet n\u00eb qeveri. P\u00ebrmes nj\u00eb postimi n\u00eb fb. Ashtu si\u00e7 e paralajmeroi Jugulajm.net para disa or\u00ebsh, Rama shprehet se n\u00eb or\u00ebn 17:00 do t\u00eb paraqes\u00eb propozimet p\u00ebr sekretariatin e ri ekzekutiv t\u00eb partis\u00eb nd\u00ebrsa dit\u00ebn e nes\u00ebrme do t\u2019i drejtohet Presidentit p\u00ebr miratimin e tyre. \u201cPas pak, n\u00eb 17.00, fjala [&hellip;]<\/p>\n","protected":false},"author":5,"featured_media":63077,"comment_status":"closed","ping_status":"closed","sticky":false,"template":"","format":"standard","meta":{"footnotes":""},"categories":[1,6332],"tags":[26082,26083],"class_list":{"0":"post-64715","1":"post","2":"type-post","3":"status-publish","4":"format-standard","5":"has-post-thumbnail","7":"category-aktualitet","8":"category-te-fundit","9":"tag-jugulajm-e-paralajmeroi","10":"tag-rama-e-konfirmon-pas-pak-do-te-paraqes-propozimet-e-reja-per-ministra"},"_links":{"self":[{"href":"https:\/\/jugulajm.net\/index.php?rest_route=\/wp\/v2\/posts\/64715","targetHints":{"allow":["GET"]}}],"collection":[{"href":"https:\/\/jugulajm.net\/index.php?rest_route=\/wp\/v2\/posts"}],"about":[{"href":"https:\/\/jugulajm.net\/index.php?rest_route=\/wp\/v2\/types\/post"}],"author":[{"embeddable":true,"href":"https:\/\/jugulajm.net\/index.php?rest_route=\/wp\/v2\/users\/5"}],"replies":[{"embeddable":true,"href":"https:\/\/jugulajm.net\/index.php?rest_route=%2Fwp%2Fv2%2Fcomments&post=64715"}],"version-history":[{"count":0,"href":"https:\/\/jugulajm.net\/index.php?rest_route=\/wp\/v2\/posts\/64715\/revisions"}],"wp:featuredmedia":[{"embeddable":true,"href":"https:\/\/jugulajm.net\/index.php?rest_route=\/wp\/v2\/media\/63077"}],"wp:attachment":[{"href":"https:\/\/jugulajm.net\/index.php?rest_route=%2Fwp%2Fv2%2Fmedia&parent=64715"}],"wp:term":[{"taxonomy":"category","embeddable":true,"href":"https:\/\/jugulajm.net\/index.php?rest_route=%2Fwp%2Fv2%2Fcategories&post=64715"},{"taxonomy":"post_tag","embeddable":true,"href":"https:\/\/jugulajm.net\/index.php?rest_route=%2Fwp%2Fv2%2Ftags&post=64715"}],"curies":[{"name":"wp","href":"https:\/\/api.w.org\/{rel}","templated":true}]}}