{"id":64705,"date":"2023-09-04T13:27:43","date_gmt":"2023-09-04T11:27:43","guid":{"rendered":"https:\/\/jugulajm.net\/?p=64705"},"modified":"2023-09-04T13:28:41","modified_gmt":"2023-09-04T11:28:41","slug":"sot-asambleja-e-ps-se-rama-me-fjalim-te-forte-dhe-levizje-ministrash","status":"publish","type":"post","link":"https:\/\/jugulajm.net\/?p=64705","title":{"rendered":"Sot Asambleja e PS-s\u00eb, Rama me fjalim t\u00eb fort\u00eb dhe l\u00ebvizje ministrash&#8230;"},"content":{"rendered":"<p>Sotm Kryeministri Edi Rama, ka thirrur Asamblen\u00eb, e cila mbahet n\u00eb or\u00ebn 17:00, ku pritet t\u00eb ket\u00eb nj\u00eb \u201cfurtun\u00eb\u201d t\u00eb v\u00ebrtet\u00eb n\u00eb qeveri.<\/p>\n<p>Burime te sigurta bejne me dije per Jugulajm.net se do t\u00eb ket\u00eb nj\u00eb fjalim t\u00eb fort\u00eb nga kryeministri Rama.<\/p>\n<p>Behet fjale nga ato fjalime q\u00eb ai shpreh pak\u00ebnaq\u00ebsit\u00eb, por dhe rezultatet q\u00eb ka pasur n\u00eb qeverisjen e tij.<\/p>\n<p>Gjithashtu t\u00eb nj\u00ebjtat burime theksuan se do t\u00eb ket\u00eb l\u00ebvizje surpriz\u00eb n\u00eb kabinet dhe emra t\u00eb rinj.<\/p>\n<p>Rama shpesh kohet e fundit ka q\u00ebndruar shpesh n\u00eb rezidenc\u00ebn qeveritare n\u00eb jug, ku dhe ka mbyllur t\u00eb gjith\u00eb emrat e kabinetit t\u00eb tij qeveritar, q\u00eb nuk do t\u00eb jen\u00eb thjesht dhe vet\u00ebm n\u00eb rend ministrash, do t\u00eb jen\u00eb emra surpriz\u00eb, por gjithashtu m\u00eb pas do t\u00eb fillojn\u00eb l\u00ebvizjet edhe n\u00eb nivelet e dyta dhe t\u00eb treta t\u00eb kabinetit qeveritar.<\/p>\n<p>Pra, behet me dije se do kete levizje ne rang ministrash, zv-ministrash, prefektesh, drejtore te pergjithshem etj.<\/p>\n","protected":false},"excerpt":{"rendered":"<p>Sotm Kryeministri Edi Rama, ka thirrur Asamblen\u00eb, e cila mbahet n\u00eb or\u00ebn 17:00, ku pritet t\u00eb ket\u00eb nj\u00eb \u201cfurtun\u00eb\u201d t\u00eb v\u00ebrtet\u00eb n\u00eb qeveri. Burime te sigurta bejne me dije per Jugulajm.net se do t\u00eb ket\u00eb nj\u00eb fjalim t\u00eb fort\u00eb nga kryeministri Rama. Behet fjale nga ato fjalime q\u00eb ai shpreh pak\u00ebnaq\u00ebsit\u00eb, por dhe rezultatet q\u00eb [&hellip;]<\/p>\n","protected":false},"author":5,"featured_media":64707,"comment_status":"closed","ping_status":"closed","sticky":false,"template":"","format":"standard","meta":{"footnotes":""},"categories":[1,6326,6332],"tags":[26078,26077],"class_list":{"0":"post-64705","1":"post","2":"type-post","3":"status-publish","4":"format-standard","5":"has-post-thumbnail","7":"category-aktualitet","8":"category-politike","9":"category-te-fundit","10":"tag-rama-me-fjalim-te-forte-dhe-levizje-ministrash","11":"tag-sot-asambleja-e-ps-se"},"_links":{"self":[{"href":"https:\/\/jugulajm.net\/index.php?rest_route=\/wp\/v2\/posts\/64705","targetHints":{"allow":["GET"]}}],"collection":[{"href":"https:\/\/jugulajm.net\/index.php?rest_route=\/wp\/v2\/posts"}],"about":[{"href":"https:\/\/jugulajm.net\/index.php?rest_route=\/wp\/v2\/types\/post"}],"author":[{"embeddable":true,"href":"https:\/\/jugulajm.net\/index.php?rest_route=\/wp\/v2\/users\/5"}],"replies":[{"embeddable":true,"href":"https:\/\/jugulajm.net\/index.php?rest_route=%2Fwp%2Fv2%2Fcomments&post=64705"}],"version-history":[{"count":0,"href":"https:\/\/jugulajm.net\/index.php?rest_route=\/wp\/v2\/posts\/64705\/revisions"}],"wp:featuredmedia":[{"embeddable":true,"href":"https:\/\/jugulajm.net\/index.php?rest_route=\/wp\/v2\/media\/64707"}],"wp:attachment":[{"href":"https:\/\/jugulajm.net\/index.php?rest_route=%2Fwp%2Fv2%2Fmedia&parent=64705"}],"wp:term":[{"taxonomy":"category","embeddable":true,"href":"https:\/\/jugulajm.net\/index.php?rest_route=%2Fwp%2Fv2%2Fcategories&post=64705"},{"taxonomy":"post_tag","embeddable":true,"href":"https:\/\/jugulajm.net\/index.php?rest_route=%2Fwp%2Fv2%2Ftags&post=64705"}],"curies":[{"name":"wp","href":"https:\/\/api.w.org\/{rel}","templated":true}]}}