{"id":64694,"date":"2023-09-04T09:25:45","date_gmt":"2023-09-04T07:25:45","guid":{"rendered":"https:\/\/jugulajm.net\/?p=64694"},"modified":"2023-09-04T09:28:18","modified_gmt":"2023-09-04T07:28:18","slug":"emri-foto-del-foto-e-nenes-se-3-femijeve-qe-humbi-jeten-ne-aksidentin-ne-qafe-bote","status":"publish","type":"post","link":"https:\/\/jugulajm.net\/?p=64694","title":{"rendered":"EMRI-FOTO\/ Del foto e n\u00ebn\u00ebs s\u00eb 3 f\u00ebmij\u00ebve, q\u00eb humbi jet\u00ebn n\u00eb aksidentin n\u00eb &#8220;Qaf\u00eb Bot\u00eb&#8221;"},"content":{"rendered":"<p>Kjo \u00ebsht\u00eb 35-vje\u00e7arja e cila humbi jet\u00ebn n\u00eb aksidentin tragjik n\u00eb aksin rrugor Krane-Qaf\u00eb Bot\u00eb m\u00ebngjesin e sot\u00ebm.<\/p>\n<p>N\u00ebna e tre f\u00ebmij\u00ebve, Adriana Prendi kishte martuar v\u00ebllain dhe po kthehej drejt Greqis\u00eb, ku edhe jetonte me familjen, por aksidenti rezultoi fatal p\u00ebr t\u00eb.<\/p>\n<p>T\u00eb plagosur n\u00eb aksident mbet\u00ebn edhe bashk\u00ebshorti i saj, G\u00ebzim Prendi, i cili drejtonte mjetin dhe nj\u00eb pasagjer, 37-vje\u00e7ar Emanuel Gera, q\u00eb ndodhet jasht\u00eb rrezikut p\u00ebr jet\u00ebn.<\/p>\n<p>Sipas uniformave blu, aksidenti ndodhi rreth or\u00ebs 05:50 n\u00eb dalje t\u00eb Konispolit.<\/p>\n<p>M\u00ebsohet se 43-vje\u00e7ari G\u00ebzim Prendi, ka humbur kontrollin e mjetit dhe p\u00ebr pasoj\u00eb makina ka dal\u00eb nga rruga.<\/p>\n<p><strong>Njoftimi i policis\u00eb:<\/strong><\/p>\n<p>Rreth or\u00ebs, 05:50, t\u00eb m\u00ebngjesit t\u00eb sot\u00ebm n\u00eb aksin rrugor Krane-Qaf\u00ebbot\u00eb, n\u00eb dalje t\u00eb Konispolit, automjeti tip \u201cVolks\u00ebagen\u201d, me drejtues shtetasin G. P., 43 vje\u00e7, ka dal\u00eb nga rruga, dhe p\u00ebr pasoj\u00eb ka humbur jet\u00ebn pasagjerja, shtetasja A. P., 35 vje\u00e7e, bashk\u00ebshortja e 43-vje\u00e7arit, banuese n\u00eb Konispol.<\/p>\n<p>Si dhe ka p\u00ebsuar d\u00ebmtime pasagjeri tjet\u00ebr n\u00eb k\u00ebt\u00eb automjet, shtetasi E. G., 37 vje\u00e7, i cili ndodhet jasht\u00eb rrezikut p\u00ebr jet\u00ebn.<\/p>\n<p>Grupi hetimor ka shkuar menj\u00ebher\u00eb n\u00eb vendngjarje dhe po punon p\u00ebr sqarimin dhe dokumentimin e rrethanave dhe shkakut t\u00eb aksidentit, ku paraprakisht dyshohet se drejtuesi i automjetit ka humbur kontrollin mbi drejtimin e automjetit dhe p\u00ebr pasoj\u00eb automjeti ka dal\u00eb nga rruga.<\/p>\n","protected":false},"excerpt":{"rendered":"<p>Kjo \u00ebsht\u00eb 35-vje\u00e7arja e cila humbi jet\u00ebn n\u00eb aksidentin tragjik n\u00eb aksin rrugor Krane-Qaf\u00eb Bot\u00eb m\u00ebngjesin e sot\u00ebm. N\u00ebna e tre f\u00ebmij\u00ebve, Adriana Prendi kishte martuar v\u00ebllain dhe po kthehej drejt Greqis\u00eb, ku edhe jetonte me familjen, por aksidenti rezultoi fatal p\u00ebr t\u00eb. T\u00eb plagosur n\u00eb aksident mbet\u00ebn edhe bashk\u00ebshorti i saj, G\u00ebzim Prendi, i [&hellip;]<\/p>\n","protected":false},"author":5,"featured_media":64695,"comment_status":"closed","ping_status":"closed","sticky":false,"template":"","format":"standard","meta":{"footnotes":""},"categories":[1,6332],"tags":[26073,26074],"class_list":{"0":"post-64694","1":"post","2":"type-post","3":"status-publish","4":"format-standard","5":"has-post-thumbnail","7":"category-aktualitet","8":"category-te-fundit","9":"tag-emri-foto-del-foto-e-nenes-se-3-femijeve","10":"tag-qe-humbi-jeten-ne-aksidentin-ne-qafe-bote"},"_links":{"self":[{"href":"https:\/\/jugulajm.net\/index.php?rest_route=\/wp\/v2\/posts\/64694","targetHints":{"allow":["GET"]}}],"collection":[{"href":"https:\/\/jugulajm.net\/index.php?rest_route=\/wp\/v2\/posts"}],"about":[{"href":"https:\/\/jugulajm.net\/index.php?rest_route=\/wp\/v2\/types\/post"}],"author":[{"embeddable":true,"href":"https:\/\/jugulajm.net\/index.php?rest_route=\/wp\/v2\/users\/5"}],"replies":[{"embeddable":true,"href":"https:\/\/jugulajm.net\/index.php?rest_route=%2Fwp%2Fv2%2Fcomments&post=64694"}],"version-history":[{"count":0,"href":"https:\/\/jugulajm.net\/index.php?rest_route=\/wp\/v2\/posts\/64694\/revisions"}],"wp:featuredmedia":[{"embeddable":true,"href":"https:\/\/jugulajm.net\/index.php?rest_route=\/wp\/v2\/media\/64695"}],"wp:attachment":[{"href":"https:\/\/jugulajm.net\/index.php?rest_route=%2Fwp%2Fv2%2Fmedia&parent=64694"}],"wp:term":[{"taxonomy":"category","embeddable":true,"href":"https:\/\/jugulajm.net\/index.php?rest_route=%2Fwp%2Fv2%2Fcategories&post=64694"},{"taxonomy":"post_tag","embeddable":true,"href":"https:\/\/jugulajm.net\/index.php?rest_route=%2Fwp%2Fv2%2Ftags&post=64694"}],"curies":[{"name":"wp","href":"https:\/\/api.w.org\/{rel}","templated":true}]}}