{"id":64689,"date":"2023-09-04T08:08:16","date_gmt":"2023-09-04T06:08:16","guid":{"rendered":"https:\/\/jugulajm.net\/?p=64689"},"modified":"2023-09-04T08:08:16","modified_gmt":"2023-09-04T06:08:16","slug":"lajm-i-fundit-emrat-aksident-ne-aksin-sarande-qafe-bote-humb-jeten-35-vjecarja-plagosen-2-te-tjere","status":"publish","type":"post","link":"https:\/\/jugulajm.net\/?p=64689","title":{"rendered":"LAJM I FUNDIT!! (EMRAT) Aksident n\u00eb aksin Sarand\u00eb-Qafe Bote, humb jet\u00ebn 35-vje\u00e7arja, plagosen 2 t\u00eb tjer\u00eb"},"content":{"rendered":"<p>Aksident me pasoj\u00eb vdekjen n\u00eb aksin Sarand\u00eb-Qafe Bote n\u00eb af\u00ebrsi t\u00eb Konispolit.<\/p>\n<p>Raportohet se p\u00ebr pasoj\u00eb 1 person ka humbur jet\u00ebn dhe jan\u00eb plagosur 2 t\u00eb tjer\u00eb.<\/p>\n<p>Mjeti ka dal\u00eb nga rruga dhe p\u00ebr rrjedhoj\u00eb ka nd\u00ebrruar jete Adriana Prendi, 35 vje\u00e7, 2 te plagosur ne spital, njeri prej tyre, G\u00ebzim Prendi, bashk\u00ebshorti i viktim\u00ebs, nj\u00ebher\u00ebsh edhe drejtuesi i mjetit, banor\u00eb t\u00eb fshatit Sh\u00ebnd\u00eblli, por q\u00eb punonin n\u00eb Greqi.<\/p>\n<p>M\u00ebsohet se te aksidentuarit mbr\u00ebm\u00eb kan\u00eb qen\u00eb n\u00eb nj\u00eb dasm\u00eb se viktima martonte v\u00ebllan\u00eb dhe sot e do t\u00eb largoheshin p\u00ebr Greqi.<\/p>\n","protected":false},"excerpt":{"rendered":"<p>Aksident me pasoj\u00eb vdekjen n\u00eb aksin Sarand\u00eb-Qafe Bote n\u00eb af\u00ebrsi t\u00eb Konispolit. Raportohet se p\u00ebr pasoj\u00eb 1 person ka humbur jet\u00ebn dhe jan\u00eb plagosur 2 t\u00eb tjer\u00eb. Mjeti ka dal\u00eb nga rruga dhe p\u00ebr rrjedhoj\u00eb ka nd\u00ebrruar jete Adriana Prendi, 35 vje\u00e7, 2 te plagosur ne spital, njeri prej tyre, G\u00ebzim Prendi, bashk\u00ebshorti i viktim\u00ebs, [&hellip;]<\/p>\n","protected":false},"author":5,"featured_media":55170,"comment_status":"closed","ping_status":"closed","sticky":false,"template":"","format":"standard","meta":{"footnotes":""},"categories":[1,6332],"tags":[26071,26070,26072],"class_list":{"0":"post-64689","1":"post","2":"type-post","3":"status-publish","4":"format-standard","5":"has-post-thumbnail","7":"category-aktualitet","8":"category-te-fundit","9":"tag-humb-jeten-35-vjecarja","10":"tag-lajm-i-fundit-emrat-aksident-ne-aksin-sarande-qafe-bote","11":"tag-plagosen-2-te-tjere"},"_links":{"self":[{"href":"https:\/\/jugulajm.net\/index.php?rest_route=\/wp\/v2\/posts\/64689","targetHints":{"allow":["GET"]}}],"collection":[{"href":"https:\/\/jugulajm.net\/index.php?rest_route=\/wp\/v2\/posts"}],"about":[{"href":"https:\/\/jugulajm.net\/index.php?rest_route=\/wp\/v2\/types\/post"}],"author":[{"embeddable":true,"href":"https:\/\/jugulajm.net\/index.php?rest_route=\/wp\/v2\/users\/5"}],"replies":[{"embeddable":true,"href":"https:\/\/jugulajm.net\/index.php?rest_route=%2Fwp%2Fv2%2Fcomments&post=64689"}],"version-history":[{"count":0,"href":"https:\/\/jugulajm.net\/index.php?rest_route=\/wp\/v2\/posts\/64689\/revisions"}],"wp:featuredmedia":[{"embeddable":true,"href":"https:\/\/jugulajm.net\/index.php?rest_route=\/wp\/v2\/media\/55170"}],"wp:attachment":[{"href":"https:\/\/jugulajm.net\/index.php?rest_route=%2Fwp%2Fv2%2Fmedia&parent=64689"}],"wp:term":[{"taxonomy":"category","embeddable":true,"href":"https:\/\/jugulajm.net\/index.php?rest_route=%2Fwp%2Fv2%2Fcategories&post=64689"},{"taxonomy":"post_tag","embeddable":true,"href":"https:\/\/jugulajm.net\/index.php?rest_route=%2Fwp%2Fv2%2Ftags&post=64689"}],"curies":[{"name":"wp","href":"https:\/\/api.w.org\/{rel}","templated":true}]}}