{"id":64683,"date":"2023-09-03T20:40:31","date_gmt":"2023-09-03T18:40:31","guid":{"rendered":"https:\/\/jugulajm.net\/?p=64683"},"modified":"2023-09-03T20:41:04","modified_gmt":"2023-09-03T18:41:04","slug":"18-vjecarja-italiane-fut-ne-burg-17-vjecarin-shqiptarin-e-akuzon-per-ngacmim-seksual","status":"publish","type":"post","link":"https:\/\/jugulajm.net\/?p=64683","title":{"rendered":"18-vje\u00e7arja italiane fut n\u00eb burg 17 vje\u00e7arin shqiptar, e akuzon p\u00ebr ngacmim seksual"},"content":{"rendered":"<p>Njohja n\u00eb klub nate mes nj\u00eb 18 vje\u00e7areje italiane me nj\u00eb 17 vje\u00e7ar shqiptar e ka \u00e7uar k\u00ebt\u00eb t\u00eb fundit pas hekurave.<\/p>\n<p>E reja italiane pretendon se shqiptari ka pasur q\u00ebllim q\u00eb ta sulmoj\u00eb seksualisht prandaj ka b\u00ebr\u00eb denoncim ndaj tij. Ajo tregon se shqiptari iu afrua n\u00eb nj\u00eb klub nate n\u00eb Imperia, duke e bindur t\u00eb hipte n\u00eb nj\u00eb makin\u00eb me t\u00eb, ku sipas saj do t\u00eb kishte ndodhur abuzimi seksual.<\/p>\n<p>Mbi baz\u00eb t\u00eb d\u00ebshmis\u00eb s\u00eb saj \u00ebsht\u00eb ndaluar 17-vje\u00e7ari, me banim n\u00eb qytetin e Liguris\u00eb.\u00a0Historia daton rreth dhjet\u00eb dit\u00eb m\u00eb par\u00eb, por gjyqtari ka vendosur ta l\u00ebr\u00eb t\u00eb riun n\u00eb paraburgim\u00a0pasi ngjarja \u00ebsht\u00eb zbardhur.<\/p>\n<p>Prokurori, kishte k\u00ebrkuar burg pasi gjat\u00eb hetimeve kishte konstatuar v\u00ebrtet\u00ebsin\u00eb e historis\u00eb s\u00eb vajz\u00ebs dhe p\u00ebr rrjedhoj\u00eb t\u00eb ngacmimit seksual.<\/p>\n<p>Fillimisht i riu me origjin\u00eb shqiptare u ndalua dhe nuk u arrestua p\u00ebr shkak t\u00eb munges\u00ebs s\u00eb flagranc\u00ebs, raportojn\u00eb\u00a0<strong><a href=\"https:\/\/www.imolaoggi.it\/2023\/09\/03\/violenza-sessuale-imperia-arrestato-17enne\/\">mediet italiane<\/a><\/strong><\/p>\n<p>Hetuesi vler\u00ebsoi se i riu mund t\u00eb arratisej dhe t\u00eb dh\u00ebna q\u00eb e b\u00ebnin at\u00eb fajtor.<\/p>\n<p>N\u00eb seanc\u00ebn e radh\u00ebs t\u00eb riut shqiptar mund t\u2019i caktohet nj\u00eb mas\u00eb m\u00eb e but\u00eb sigurie.<\/p>\n","protected":false},"excerpt":{"rendered":"<p>Njohja n\u00eb klub nate mes nj\u00eb 18 vje\u00e7areje italiane me nj\u00eb 17 vje\u00e7ar shqiptar e ka \u00e7uar k\u00ebt\u00eb t\u00eb fundit pas hekurave. E reja italiane pretendon se shqiptari ka pasur q\u00ebllim q\u00eb ta sulmoj\u00eb seksualisht prandaj ka b\u00ebr\u00eb denoncim ndaj tij. Ajo tregon se shqiptari iu afrua n\u00eb nj\u00eb klub nate n\u00eb Imperia, duke e [&hellip;]<\/p>\n","protected":false},"author":5,"featured_media":0,"comment_status":"closed","ping_status":"closed","sticky":false,"template":"","format":"standard","meta":{"footnotes":""},"categories":[1,6332],"tags":[26067,26068],"class_list":{"0":"post-64683","1":"post","2":"type-post","3":"status-publish","4":"format-standard","6":"category-aktualitet","7":"category-te-fundit","8":"tag-18-vjecarja-italiane-fut-ne-burg-17-vjecarin-shqiptarin","9":"tag-e-akuzon-per-ngacmim-seksual"},"_links":{"self":[{"href":"https:\/\/jugulajm.net\/index.php?rest_route=\/wp\/v2\/posts\/64683","targetHints":{"allow":["GET"]}}],"collection":[{"href":"https:\/\/jugulajm.net\/index.php?rest_route=\/wp\/v2\/posts"}],"about":[{"href":"https:\/\/jugulajm.net\/index.php?rest_route=\/wp\/v2\/types\/post"}],"author":[{"embeddable":true,"href":"https:\/\/jugulajm.net\/index.php?rest_route=\/wp\/v2\/users\/5"}],"replies":[{"embeddable":true,"href":"https:\/\/jugulajm.net\/index.php?rest_route=%2Fwp%2Fv2%2Fcomments&post=64683"}],"version-history":[{"count":0,"href":"https:\/\/jugulajm.net\/index.php?rest_route=\/wp\/v2\/posts\/64683\/revisions"}],"wp:attachment":[{"href":"https:\/\/jugulajm.net\/index.php?rest_route=%2Fwp%2Fv2%2Fmedia&parent=64683"}],"wp:term":[{"taxonomy":"category","embeddable":true,"href":"https:\/\/jugulajm.net\/index.php?rest_route=%2Fwp%2Fv2%2Fcategories&post=64683"},{"taxonomy":"post_tag","embeddable":true,"href":"https:\/\/jugulajm.net\/index.php?rest_route=%2Fwp%2Fv2%2Ftags&post=64683"}],"curies":[{"name":"wp","href":"https:\/\/api.w.org\/{rel}","templated":true}]}}