{"id":64674,"date":"2023-09-03T16:43:28","date_gmt":"2023-09-03T14:43:28","guid":{"rendered":"https:\/\/jugulajm.net\/?p=64674"},"modified":"2023-09-03T16:43:28","modified_gmt":"2023-09-03T14:43:28","slug":"vater-zjarri-ne-picar-marrin-flake-kullotat-rrezikohen-banesat","status":"publish","type":"post","link":"https:\/\/jugulajm.net\/?p=64674","title":{"rendered":"Vat\u00ebr zjarri n\u00eb Picar, marrin flak\u00eb kullotat, rrezikohen banesat"},"content":{"rendered":"<p>Nj\u00eb vat\u00ebr zjarri \u00ebsht\u00eb shfaqur rreth or\u00ebs 16.00, t\u00eb dit\u00ebs s\u00eb sotme, n\u00eb nj\u00eb sip\u00ebrfaqe kullote n\u00eb periferi t\u00eb fshatit Picar, Gjirokast\u00ebr.<\/p>\n<p>T\u00eb ndihmuara nga era dhe terreni i that\u00eb flak\u00ebt jan\u00eb p\u00ebrhapur n\u00eb nj\u00eb sip\u00ebrfaqe t\u00eb konsiderueshme t\u00eb kullot\u00ebs malore duke rrezikuar sht\u00ebpit\u00eb n\u00eb rrethinat e fshatit.<\/p>\n<p>Strukturat e Sh\u00ebrbimit Zjarrfik\u00ebs, bashkis\u00eb si dhe banor\u00ebt po nd\u00ebrhyjn\u00eb p\u00ebr shuarjen e zjarrit.<\/p>\n<p>Lokalizimi flak\u00ebve b\u00ebhet i v\u00ebshtir\u00eb p\u00ebr shkak t\u00eb terrenit t\u00eb thyer dhe malor. P\u00ebrgjat\u00eb muajve t\u00eb ver\u00ebs n\u00eb Qarkun Gjirokast\u00ebr u regjistruan vatra zjarri problematike, n\u00eb pyje dhe kullota, nd\u00ebrsa u proceduan penalisht autor\u00ebt e dyshuar t\u00eb k\u00ebtyre zjarrv\u00ebnieve, t\u00eb cil\u00ebt jan\u00eb kryesisht barinjt\u00eb q\u00eb p\u00ebrdorin sip\u00ebrfaqet kullosore.<\/p>\n","protected":false},"excerpt":{"rendered":"<p>Nj\u00eb vat\u00ebr zjarri \u00ebsht\u00eb shfaqur rreth or\u00ebs 16.00, t\u00eb dit\u00ebs s\u00eb sotme, n\u00eb nj\u00eb sip\u00ebrfaqe kullote n\u00eb periferi t\u00eb fshatit Picar, Gjirokast\u00ebr. T\u00eb ndihmuara nga era dhe terreni i that\u00eb flak\u00ebt jan\u00eb p\u00ebrhapur n\u00eb nj\u00eb sip\u00ebrfaqe t\u00eb konsiderueshme t\u00eb kullot\u00ebs malore duke rrezikuar sht\u00ebpit\u00eb n\u00eb rrethinat e fshatit. Strukturat e Sh\u00ebrbimit Zjarrfik\u00ebs, bashkis\u00eb si dhe [&hellip;]<\/p>\n","protected":false},"author":5,"featured_media":51003,"comment_status":"closed","ping_status":"closed","sticky":false,"template":"","format":"standard","meta":{"footnotes":""},"categories":[1,6332],"tags":[26062,26063,26061],"class_list":{"0":"post-64674","1":"post","2":"type-post","3":"status-publish","4":"format-standard","5":"has-post-thumbnail","7":"category-aktualitet","8":"category-te-fundit","9":"tag-marrin-flake-kullotat","10":"tag-rrezikohen-banesat","11":"tag-vater-zjarri-ne-picar"},"_links":{"self":[{"href":"https:\/\/jugulajm.net\/index.php?rest_route=\/wp\/v2\/posts\/64674","targetHints":{"allow":["GET"]}}],"collection":[{"href":"https:\/\/jugulajm.net\/index.php?rest_route=\/wp\/v2\/posts"}],"about":[{"href":"https:\/\/jugulajm.net\/index.php?rest_route=\/wp\/v2\/types\/post"}],"author":[{"embeddable":true,"href":"https:\/\/jugulajm.net\/index.php?rest_route=\/wp\/v2\/users\/5"}],"replies":[{"embeddable":true,"href":"https:\/\/jugulajm.net\/index.php?rest_route=%2Fwp%2Fv2%2Fcomments&post=64674"}],"version-history":[{"count":0,"href":"https:\/\/jugulajm.net\/index.php?rest_route=\/wp\/v2\/posts\/64674\/revisions"}],"wp:featuredmedia":[{"embeddable":true,"href":"https:\/\/jugulajm.net\/index.php?rest_route=\/wp\/v2\/media\/51003"}],"wp:attachment":[{"href":"https:\/\/jugulajm.net\/index.php?rest_route=%2Fwp%2Fv2%2Fmedia&parent=64674"}],"wp:term":[{"taxonomy":"category","embeddable":true,"href":"https:\/\/jugulajm.net\/index.php?rest_route=%2Fwp%2Fv2%2Fcategories&post=64674"},{"taxonomy":"post_tag","embeddable":true,"href":"https:\/\/jugulajm.net\/index.php?rest_route=%2Fwp%2Fv2%2Ftags&post=64674"}],"curies":[{"name":"wp","href":"https:\/\/api.w.org\/{rel}","templated":true}]}}