{"id":64659,"date":"2023-09-03T12:32:23","date_gmt":"2023-09-03T10:32:23","guid":{"rendered":"https:\/\/jugulajm.net\/?p=64659"},"modified":"2023-09-03T12:42:10","modified_gmt":"2023-09-03T10:42:10","slug":"neser-asambleja-e-ps-se-ja-cfare-pritet-te-vendoset-per-partine-dhe-qeverine","status":"publish","type":"post","link":"https:\/\/jugulajm.net\/?p=64659","title":{"rendered":"Nes\u00ebr asambleja e PS-s\u00eb, ja \u00e7far\u00eb pritet t\u00eb vendoset p\u00ebr partin\u00eb dhe qeverin\u00eb&#8230;"},"content":{"rendered":"<p>M\u00eb 4 shtator do t\u00eb\u00a0mbahet dhe asambleja e dyt\u00eb e Partis\u00eb Socialiste p\u00ebr vitin 2023. Ajo vjen pak jav\u00eb pas mbledhjes s\u00eb 26 korrikut ku u shkarkua i gjith\u00eb Sekretariati Ekzekutiv i Partis\u00eb dhe provizorisht u komandua si Sekretar i P\u00ebrgjithsh\u00ebm Blendi Klosi n\u00eb vend t\u00eb Damian Gjiknurit.<\/p>\n<p>\u00c7far\u00eb pritet nga asambleja e PS?<\/p>\n<p>Partia Socialiste do t\u00eb b\u00ebj\u00eb ndryshime p\u00ebr her\u00eb t\u00eb dyt\u00eb k\u00ebt\u00eb vit sa i p\u00ebrket organizimit t\u00eb brendsh\u00ebm n\u00eb asamblen\u00eb q\u00eb do t\u00eb mbahet t\u00eb h\u00ebn\u00ebn.<\/p>\n<p>Kryesocialisti Edi Rama pritet t\u00eb em\u00ebroj\u00eb sekretariatin e ri, i cili ka mbetur vakant q\u00eb prej shkarkimit t\u00eb Damian Gjiknurit nga posti. N\u00eb Asamblen\u00eb e 26 korrikut, Damian Gjiknuri u shkarkua nga posti i sekretarit t\u00eb p\u00ebrgjithsh\u00ebm t\u00eb PS-s\u00eb dhe p\u00ebrkoh\u00ebsisht n\u00eb vend t\u00eb tij si numri 2 i PS u komandua Blendi Klosi.<\/p>\n<p>Nj\u00eb tjet\u00ebr zhvillim i r\u00ebnd\u00ebsish\u00ebm n\u00eb asamblen\u00eb e 26 korrikut ishte dhe rrokada Bledi \u00c7u\u00e7i- Taulant Balla t\u00eb cil\u00ebt nd\u00ebrruan postet me nj\u00ebri-tjetrin.<\/p>\n<p>Bledi \u00c7u\u00e7i i cili u shkarkua nga detyra e ministrit t\u00eb Brendsh\u00ebm u caktua kreu i ri i grupit parlamentar t\u00eb PS-s\u00eb, n\u00eb vend t\u00eb Taulant Ball\u00ebs. Ky i fundit u em\u00ebrua n\u00eb postin e ministrit t\u00eb Brendsh\u00ebm t\u00eb l\u00ebn\u00eb bosh nga Bledi \u00c7u\u00e7i.<\/p>\n<p>Por ndryshime nuk priten vet\u00ebm n\u00eb organizimin e selis\u00eb roz\u00eb. Shkarkime dhe em\u00ebrime t\u00eb reja mund t\u00eb pritet dhe sa i p\u00ebrket kabinetit qeveritar, mund\u00ebsi kjo e l\u00ebn\u00eb e hapur nga vet\u00eb Edi Rama.<\/p>\n","protected":false},"excerpt":{"rendered":"<p>M\u00eb 4 shtator do t\u00eb\u00a0mbahet dhe asambleja e dyt\u00eb e Partis\u00eb Socialiste p\u00ebr vitin 2023. Ajo vjen pak jav\u00eb pas mbledhjes s\u00eb 26 korrikut ku u shkarkua i gjith\u00eb Sekretariati Ekzekutiv i Partis\u00eb dhe provizorisht u komandua si Sekretar i P\u00ebrgjithsh\u00ebm Blendi Klosi n\u00eb vend t\u00eb Damian Gjiknurit. \u00c7far\u00eb pritet nga asambleja e PS? Partia [&hellip;]<\/p>\n","protected":false},"author":5,"featured_media":51509,"comment_status":"closed","ping_status":"closed","sticky":false,"template":"","format":"standard","meta":{"footnotes":""},"categories":[1,6326,6332],"tags":[26057,26056],"class_list":{"0":"post-64659","1":"post","2":"type-post","3":"status-publish","4":"format-standard","5":"has-post-thumbnail","7":"category-aktualitet","8":"category-politike","9":"category-te-fundit","10":"tag-ja-cfare-pritet-te-vendoset-per-partine-dhe-qeverine","11":"tag-neser-asambleja-e-ps-se"},"_links":{"self":[{"href":"https:\/\/jugulajm.net\/index.php?rest_route=\/wp\/v2\/posts\/64659","targetHints":{"allow":["GET"]}}],"collection":[{"href":"https:\/\/jugulajm.net\/index.php?rest_route=\/wp\/v2\/posts"}],"about":[{"href":"https:\/\/jugulajm.net\/index.php?rest_route=\/wp\/v2\/types\/post"}],"author":[{"embeddable":true,"href":"https:\/\/jugulajm.net\/index.php?rest_route=\/wp\/v2\/users\/5"}],"replies":[{"embeddable":true,"href":"https:\/\/jugulajm.net\/index.php?rest_route=%2Fwp%2Fv2%2Fcomments&post=64659"}],"version-history":[{"count":0,"href":"https:\/\/jugulajm.net\/index.php?rest_route=\/wp\/v2\/posts\/64659\/revisions"}],"wp:featuredmedia":[{"embeddable":true,"href":"https:\/\/jugulajm.net\/index.php?rest_route=\/wp\/v2\/media\/51509"}],"wp:attachment":[{"href":"https:\/\/jugulajm.net\/index.php?rest_route=%2Fwp%2Fv2%2Fmedia&parent=64659"}],"wp:term":[{"taxonomy":"category","embeddable":true,"href":"https:\/\/jugulajm.net\/index.php?rest_route=%2Fwp%2Fv2%2Fcategories&post=64659"},{"taxonomy":"post_tag","embeddable":true,"href":"https:\/\/jugulajm.net\/index.php?rest_route=%2Fwp%2Fv2%2Ftags&post=64659"}],"curies":[{"name":"wp","href":"https:\/\/api.w.org\/{rel}","templated":true}]}}