{"id":64588,"date":"2023-09-01T10:50:34","date_gmt":"2023-09-01T08:50:34","guid":{"rendered":"https:\/\/jugulajm.net\/?p=64588"},"modified":"2023-09-01T10:50:34","modified_gmt":"2023-09-01T08:50:34","slug":"emrat-zbardhet-ngjarja-e-plagosjes-se-68-vjecarit-nga-21-vjecarja","status":"publish","type":"post","link":"https:\/\/jugulajm.net\/?p=64588","title":{"rendered":"EMRAT\/ Zbardhet ngjarja e plagosjes s\u00eb 68 vje\u00e7arit nga 21 vje\u00e7arja"},"content":{"rendered":"<p>Detaje kan\u00eb dal\u00eb n\u00eb drit\u00eb p\u00ebr ngjarjen e mbr\u00ebmjes s\u00eb djeshme n\u00eb Vaun e Dej\u00ebs, ku nj\u00eb 21-vje\u00e7are plagosi me thik\u00eb nj\u00eb 68-vje\u00e7ar. Burime p\u00ebr medie kan\u00eb raportuar se i moshuari, Zef Paloka ka tentuar t\u00eb kryej\u00eb marr\u00ebdh\u00ebnie seksuale me 21-vje\u00e7aren Nikoleta Nikaj, duke p\u00ebrdorur dhun\u00eb.<\/p>\n<p>Ngjarja e r\u00ebnd\u00eb ka ndodhur n\u00eb fshatin La\u00e7 n\u00eb Vaun e Dej\u00ebs, ku e reja ka plagosur m\u00eb pas me thik\u00eb Palok\u00ebn, i cili ka shkuar n\u00eb spitalin rajonal t\u00eb Shkodr\u00ebs me plag\u00eb. Policia ka identifikuar m\u00eb von\u00eb Nikajn, duke e shoq\u00ebruar n\u00eb komisariat.<\/p>\n<p><strong>Njoftimi i Policis\u00eb:<\/strong><\/p>\n<p>Vau i Dej\u00ebs\/Informacion paraprak.<\/p>\n<p>Rreth or\u00ebs 21:30, n\u00eb urgjenc\u00ebn e Spitalit Rajonal Shkod\u00ebr ka mb\u00ebrritur p\u00ebr ndihm\u00eb mjek\u00ebsore shtetasi Z. P., 68 vje\u00e7, banues n\u00eb Vaun e Dej\u00ebs, i plagosur me mjet prer\u00ebs (thik\u00eb).<\/p>\n<p>Sh\u00ebrbimet e Policis\u00eb kan\u00eb reaguar menj\u00ebher\u00eb, duke identifikuar dhe kapur autoren e dyshuar t\u00eb plagosjes, nj\u00eb 21 vje\u00e7are, banuese n\u00eb Vaun e Dej\u00ebs, e cila po shoq\u00ebrohet n\u00eb Komisariatin e Policis\u00eb Vau i Dej\u00ebs, p\u00ebr veprime t\u00eb m\u00ebtejshme.<\/p>\n<p>Grupi hetimor n\u00ebn drejtimin e Prokurorit po punon p\u00ebr sqarimin e rrethanave t\u00eb sakta t\u00eb ngjarjes dhe dokumentimin ligjor t\u00eb k\u00ebtij rasti.<\/p>\n","protected":false},"excerpt":{"rendered":"<p>Detaje kan\u00eb dal\u00eb n\u00eb drit\u00eb p\u00ebr ngjarjen e mbr\u00ebmjes s\u00eb djeshme n\u00eb Vaun e Dej\u00ebs, ku nj\u00eb 21-vje\u00e7are plagosi me thik\u00eb nj\u00eb 68-vje\u00e7ar. Burime p\u00ebr medie kan\u00eb raportuar se i moshuari, Zef Paloka ka tentuar t\u00eb kryej\u00eb marr\u00ebdh\u00ebnie seksuale me 21-vje\u00e7aren Nikoleta Nikaj, duke p\u00ebrdorur dhun\u00eb. Ngjarja e r\u00ebnd\u00eb ka ndodhur n\u00eb fshatin La\u00e7 n\u00eb [&hellip;]<\/p>\n","protected":false},"author":5,"featured_media":47878,"comment_status":"closed","ping_status":"closed","sticky":false,"template":"","format":"standard","meta":{"footnotes":""},"categories":[1,6332],"tags":[26019],"class_list":{"0":"post-64588","1":"post","2":"type-post","3":"status-publish","4":"format-standard","5":"has-post-thumbnail","7":"category-aktualitet","8":"category-te-fundit","9":"tag-emrat-zbardhet-ngjarja-e-plagosjes-se-68-vjecarit-nga-21-vjecarja"},"_links":{"self":[{"href":"https:\/\/jugulajm.net\/index.php?rest_route=\/wp\/v2\/posts\/64588","targetHints":{"allow":["GET"]}}],"collection":[{"href":"https:\/\/jugulajm.net\/index.php?rest_route=\/wp\/v2\/posts"}],"about":[{"href":"https:\/\/jugulajm.net\/index.php?rest_route=\/wp\/v2\/types\/post"}],"author":[{"embeddable":true,"href":"https:\/\/jugulajm.net\/index.php?rest_route=\/wp\/v2\/users\/5"}],"replies":[{"embeddable":true,"href":"https:\/\/jugulajm.net\/index.php?rest_route=%2Fwp%2Fv2%2Fcomments&post=64588"}],"version-history":[{"count":0,"href":"https:\/\/jugulajm.net\/index.php?rest_route=\/wp\/v2\/posts\/64588\/revisions"}],"wp:featuredmedia":[{"embeddable":true,"href":"https:\/\/jugulajm.net\/index.php?rest_route=\/wp\/v2\/media\/47878"}],"wp:attachment":[{"href":"https:\/\/jugulajm.net\/index.php?rest_route=%2Fwp%2Fv2%2Fmedia&parent=64588"}],"wp:term":[{"taxonomy":"category","embeddable":true,"href":"https:\/\/jugulajm.net\/index.php?rest_route=%2Fwp%2Fv2%2Fcategories&post=64588"},{"taxonomy":"post_tag","embeddable":true,"href":"https:\/\/jugulajm.net\/index.php?rest_route=%2Fwp%2Fv2%2Ftags&post=64588"}],"curies":[{"name":"wp","href":"https:\/\/api.w.org\/{rel}","templated":true}]}}