{"id":64519,"date":"2023-08-30T14:06:54","date_gmt":"2023-08-30T12:06:54","guid":{"rendered":"https:\/\/jugulajm.net\/?p=64519"},"modified":"2023-08-30T14:06:54","modified_gmt":"2023-08-30T12:06:54","slug":"emri-kapet-me-21-kg-eksploziv-prangoset-i-dyshuari-per-zhdukjen-e-2-sarandjoteve-sulovarit-dhe-theodhorit","status":"publish","type":"post","link":"https:\/\/jugulajm.net\/?p=64519","title":{"rendered":"EMRI\/ Kapet me 21 kg eksploziv, prangoset i dyshuari p\u00ebr zhdukjen e 2 sarandjot\u00ebve, Sulovarit dhe Theodhorit"},"content":{"rendered":"<p>Policia e\u00a0Fierit parandalon nj\u00eb ngjarje shum\u00eb t\u00eb r\u00ebnd\u00eb kriminale dhe nj\u00ebkoh\u00ebsisht zbardh nj\u00eb tjet\u00ebr ngjarje kriminale.<\/p>\n<p>N\u00eb prangat e policis\u00eb ra Albi Mecini, i cili u kap me 21.3 kilogram\u00eb l\u00ebnd\u00eb plas\u00ebse artizanale, me t\u00eb cil\u00ebn do kryente nj\u00eb ngjarje t\u00eb r\u00ebnd\u00eb.<\/p>\n<p>Po ashtu, 29-vje\u00e7ari Mecini dyshohet si personi q\u00eb ka zhdukur dy shtetasit nga Saranda, Fatmir Sulovari dhe Leonard Theodhori.<\/p>\n<p>N\u00eb k\u00ebrkim jan\u00eb shpallur Arafat Man\u00ebrkolli, Ervis Cukali dhe\u00a0Sebastian Lataj.<\/p>\n<p><strong>NJOFTIMI ZYRTAR<\/strong><\/p>\n<p><em>\u2705Me 2 \u00e7anta me l\u00ebnd\u00eb plas\u00ebse artizanale (rreth 21.3 kilogram\u00eb), t\u00eb montuara p\u00ebr shp\u00ebrthim n\u00eb distanc\u00eb dhe me bidona me l\u00ebnd\u00eb djeg\u00ebse (benzin\u00eb), n\u00eb 2 automjete, kapet n\u00eb flagranc\u00eb dhe vihet n\u00eb pranga 29-vje\u00e7ari, i d\u00ebnuar m\u00eb par\u00eb p\u00ebr dh\u00ebnie ndihm\u00eb 4 shtetasve, p\u00ebr largim nga IEVP-ja.<\/em><\/p>\n<p><em>Identifikohen dhe shpallen n\u00eb k\u00ebrkim 2 bashk\u00ebpun\u00ebtor\u00ebt e 29-vje\u00e7arit, me t\u00eb cil\u00ebt ky shtetas do t\u00eb kryente ngjarjen kriminale, me l\u00ebnd\u00eb plas\u00ebse.\u00a0<\/em><\/p>\n<p><em>\u270529-vje\u00e7ari i arrestuar me \u00e7anta me l\u00ebnd\u00eb plas\u00ebse, dhe nj\u00eb 25-vje\u00e7ar i shpallur n\u00eb k\u00ebrkim nga Policia, jan\u00eb t\u00eb dyshuar dhe p\u00ebr rr\u00ebmbimin e shtetasve L. Th. dhe F. S., t\u00eb kryer n\u00eb Sarand\u00eb, m\u00eb dat\u00eb 09.04.2023.<\/em><\/p>\n<p>Si rezultat i pun\u00ebs intensive dhe t\u00eb pand\u00ebrprer\u00eb t\u00eb kryer p\u00ebr parandalimin e ngjarjeve kriminale, strukturat hetimore dhe operacionale t\u00eb DVP Fier, n\u00eb baz\u00eb t\u00eb informacioneve t\u00eb siguruara nga inteligjenca policore, kan\u00eb organizuar dhe finalizuar me sukses megaoperacionin policor t\u00eb koduar \u201cMISTERI\u201d.<\/p>\n<p>-N\u00eb kuad\u00ebr t\u00eb k\u00ebtij megaoperacioni, n\u00eb aksin rrugor \u201cMbrostar-Fier\u201d, sh\u00ebrbimet e Forc\u00ebs se Posa\u00e7me Operacionale dhe ato t\u00eb Forc\u00ebs s\u00eb Posa\u00e7me \u201cShqiponja\u201d, t\u00eb DVP Fier, kap\u00ebn n\u00eb flagranc\u00eb shtetasin A. M., 29 vje\u00e7, banues n\u00eb Kamz\u00eb, me 2 \u00e7anta brenda t\u00eb cilave ishin 2 pako me rreth 21.3 kilogram\u00eb l\u00ebnd\u00eb plas\u00ebse artizanale, t\u00eb montuara me celular\u00eb, p\u00ebr shp\u00ebrthim n\u00eb distanc\u00eb. Te dyja \u00e7antat u gjet\u00ebn n\u00eb af\u00ebrsi t\u00eb automjetit t\u00eb k\u00ebtij shtetasi.<\/p>\n<p>Gjithashtu, nga kontrolli i zon\u00ebs ku u kap shtetasi A. M., u gjet nj\u00eb tjet\u00ebr automjet n\u00eb brend\u00ebsi t\u00eb t\u00eb cilit ishin 3 bidona me l\u00ebnd\u00eb djeg\u00ebse benzin\u00eb. Nga veprimet hetimore rezulton se 29-vje\u00e7ari, n\u00eb bashk\u00ebpunim me shtetasit A. M., 27 vje\u00e7, banues n\u00eb Dib\u00ebr dhe E. C., 25 vje\u00e7, banues n\u00eb Tiran\u00eb (t\u00eb cil\u00ebt u shpall\u00ebn n\u00eb k\u00ebrkim), i kishin siguruar k\u00ebto kushte dhe mjete, me q\u00ebllim kryerjen e nj\u00eb ngjarjeje t\u00eb r\u00ebnd\u00eb kriminale.<\/p>\n<p>Policia sekuestroi 2 automjete, 2 \u00e7anta me rreth 21.3 kg l\u00ebnd\u00eb plas\u00ebse artizanale, e montuar me celular\u00eb, p\u00ebr shp\u00ebrthim n\u00eb distanc\u00eb, 3 bidon\u00eb me benzin\u00eb dhe 4 celular\u00eb.<\/p>\n<p>-N\u00eb vijim t\u00eb veprimeve hetimore t\u00eb kryera nga Policia e Fierit, n\u00eb bashk\u00ebpunim me Policin\u00eb e Vlor\u00ebs, n\u00eb funksion t\u00eb nj\u00eb procedimi penal t\u00eb iniciuar nga DVP Vlor\u00eb, p\u00ebr zhdukjen e shtetasve L. Th. dhe F. S., zhdukje e raportuar n\u00eb Policin\u00eb e Sarand\u00ebs, m\u00eb dat\u00eb 09.04.2023, rezultoi se shtetasi i arrestuar n\u00eb flagrance, me \u00e7antat me l\u00ebnd\u00eb plas\u00ebse, \u00ebsht\u00eb autor i dyshuar p\u00ebr k\u00ebt\u00eb rast, s\u00eb bashku me shtetasin S. L., 25 vje\u00e7, i cili u shpall n\u00eb k\u00ebrkim.<\/p>\n<p>P\u00ebr shtetasit A. M. dhe S. L., dit\u00ebn e sotme, Gjykata e Shkall\u00ebs s\u00eb Par\u00eb e Juridiksionit t\u00eb P\u00ebrgjithsh\u00ebm Sarand\u00eb ka caktuar mas\u00ebn e siguris\u00eb \u201cArrest n\u00eb burg\u201d, p\u00ebr vepr\u00ebn penale \u201cRr\u00ebmbimi ose mbajtja peng e personit\u201d .<\/p>\n<p>Strukturat hetimore t\u00eb Drejtoris\u00eb p\u00ebr Hetimin e Krimeve t\u00eb R\u00ebnda n\u00eb Departamentin e Policis\u00eb Kriminale n\u00eb DPPSH dhe strukturat hetimore t\u00eb dvp-ve Fier dhe Vlor\u00eb, n\u00eb drejtimin e prokurorive p\u00ebrkat\u00ebse, vijojn\u00eb pun\u00ebn p\u00ebr zbardhjen dhe dokumentimin ligjor t\u00eb t\u00eb dyja rasteve, kapjen e shtetasve t\u00eb shpallur n\u00eb k\u00ebrkim, si dhe p\u00ebr identifikimin dhe arrestimin e shtetasve t\u00eb tjer\u00eb t\u00eb implikuar n\u00eb k\u00ebto 2 raste.<\/p>\n","protected":false},"excerpt":{"rendered":"<p>Policia e\u00a0Fierit parandalon nj\u00eb ngjarje shum\u00eb t\u00eb r\u00ebnd\u00eb kriminale dhe nj\u00ebkoh\u00ebsisht zbardh nj\u00eb tjet\u00ebr ngjarje kriminale. N\u00eb prangat e policis\u00eb ra Albi Mecini, i cili u kap me 21.3 kilogram\u00eb l\u00ebnd\u00eb plas\u00ebse artizanale, me t\u00eb cil\u00ebn do kryente nj\u00eb ngjarje t\u00eb r\u00ebnd\u00eb. Po ashtu, 29-vje\u00e7ari Mecini dyshohet si personi q\u00eb ka zhdukur dy shtetasit nga [&hellip;]<\/p>\n","protected":false},"author":5,"featured_media":58343,"comment_status":"closed","ping_status":"closed","sticky":false,"template":"","format":"standard","meta":{"footnotes":""},"categories":[1,6332],"tags":[25983,25984,25985],"class_list":{"0":"post-64519","1":"post","2":"type-post","3":"status-publish","4":"format-standard","5":"has-post-thumbnail","7":"category-aktualitet","8":"category-te-fundit","9":"tag-emri-kapet-me-21-kg-eksploziv","10":"tag-prangoset-i-dyshuari-per-zhdukjen-e-2-sarandjoteve","11":"tag-sulovarit-dhe-theodhorit"},"_links":{"self":[{"href":"https:\/\/jugulajm.net\/index.php?rest_route=\/wp\/v2\/posts\/64519","targetHints":{"allow":["GET"]}}],"collection":[{"href":"https:\/\/jugulajm.net\/index.php?rest_route=\/wp\/v2\/posts"}],"about":[{"href":"https:\/\/jugulajm.net\/index.php?rest_route=\/wp\/v2\/types\/post"}],"author":[{"embeddable":true,"href":"https:\/\/jugulajm.net\/index.php?rest_route=\/wp\/v2\/users\/5"}],"replies":[{"embeddable":true,"href":"https:\/\/jugulajm.net\/index.php?rest_route=%2Fwp%2Fv2%2Fcomments&post=64519"}],"version-history":[{"count":0,"href":"https:\/\/jugulajm.net\/index.php?rest_route=\/wp\/v2\/posts\/64519\/revisions"}],"wp:featuredmedia":[{"embeddable":true,"href":"https:\/\/jugulajm.net\/index.php?rest_route=\/wp\/v2\/media\/58343"}],"wp:attachment":[{"href":"https:\/\/jugulajm.net\/index.php?rest_route=%2Fwp%2Fv2%2Fmedia&parent=64519"}],"wp:term":[{"taxonomy":"category","embeddable":true,"href":"https:\/\/jugulajm.net\/index.php?rest_route=%2Fwp%2Fv2%2Fcategories&post=64519"},{"taxonomy":"post_tag","embeddable":true,"href":"https:\/\/jugulajm.net\/index.php?rest_route=%2Fwp%2Fv2%2Ftags&post=64519"}],"curies":[{"name":"wp","href":"https:\/\/api.w.org\/{rel}","templated":true}]}}