{"id":64499,"date":"2023-08-29T22:40:32","date_gmt":"2023-08-29T20:40:32","guid":{"rendered":"https:\/\/jugulajm.net\/?p=64499"},"modified":"2023-08-29T22:43:44","modified_gmt":"2023-08-29T20:43:44","slug":"foto-perplasen-2-makina-plagoen-3-persona-2-prej-tyre-femra-25-vjecare","status":"publish","type":"post","link":"https:\/\/jugulajm.net\/?p=64499","title":{"rendered":"FOTO\/ P\u00ebrplasen 2 makina, plagoen 3 persona, 2 prej tyre femra 25-vje\u00e7are"},"content":{"rendered":"<p>Nj\u00eb aksident ka ndodhur mbr\u00ebmjen e sotme n\u00eb aksin rrugor Pogradec-Tushemisht.<\/p>\n<p>Dy mjete jan\u00eb p\u00ebrplasur e p\u00ebr pasoj\u00eb jan\u00eb plagosur 3 persona.<\/p>\n<p>T\u00eb plagosurit jan\u00eb nj\u00eb i ri 22 vje\u00e7ar dhe 2 vajza 25-vje\u00e7are, t\u00eb cilat k\u00ebto t\u00eb fundit kan\u00eb qen\u00eb n\u00eb t\u00eb nj\u00ebjtin mjet.<\/p>\n<p>T\u00eb plagosurit u transportuan n\u00eb spital nd\u00ebrsa policia \u00ebsht\u00eb n\u00eb vendngjarje p\u00ebr zbardhjen e rrethanave, dyshohet q\u00eb shkak t\u00eb ket\u00eb qen\u00eb shpejt\u00ebsia tej normave t\u00eb lejuara.<\/p>\n","protected":false},"excerpt":{"rendered":"<p>Nj\u00eb aksident ka ndodhur mbr\u00ebmjen e sotme n\u00eb aksin rrugor Pogradec-Tushemisht. Dy mjete jan\u00eb p\u00ebrplasur e p\u00ebr pasoj\u00eb jan\u00eb plagosur 3 persona. T\u00eb plagosurit jan\u00eb nj\u00eb i ri 22 vje\u00e7ar dhe 2 vajza 25-vje\u00e7are, t\u00eb cilat k\u00ebto t\u00eb fundit kan\u00eb qen\u00eb n\u00eb t\u00eb nj\u00ebjtin mjet. T\u00eb plagosurit u transportuan n\u00eb spital nd\u00ebrsa policia \u00ebsht\u00eb n\u00eb [&hellip;]<\/p>\n","protected":false},"author":5,"featured_media":64500,"comment_status":"closed","ping_status":"closed","sticky":false,"template":"","format":"standard","meta":{"footnotes":""},"categories":[1,6332],"tags":[25975,25319,25974],"class_list":{"0":"post-64499","1":"post","2":"type-post","3":"status-publish","4":"format-standard","5":"has-post-thumbnail","7":"category-aktualitet","8":"category-te-fundit","9":"tag-2-prej-tyre-femra-25-vjecare","10":"tag-perplasen-2-makina","11":"tag-plagoen-3-persona"},"_links":{"self":[{"href":"https:\/\/jugulajm.net\/index.php?rest_route=\/wp\/v2\/posts\/64499","targetHints":{"allow":["GET"]}}],"collection":[{"href":"https:\/\/jugulajm.net\/index.php?rest_route=\/wp\/v2\/posts"}],"about":[{"href":"https:\/\/jugulajm.net\/index.php?rest_route=\/wp\/v2\/types\/post"}],"author":[{"embeddable":true,"href":"https:\/\/jugulajm.net\/index.php?rest_route=\/wp\/v2\/users\/5"}],"replies":[{"embeddable":true,"href":"https:\/\/jugulajm.net\/index.php?rest_route=%2Fwp%2Fv2%2Fcomments&post=64499"}],"version-history":[{"count":0,"href":"https:\/\/jugulajm.net\/index.php?rest_route=\/wp\/v2\/posts\/64499\/revisions"}],"wp:featuredmedia":[{"embeddable":true,"href":"https:\/\/jugulajm.net\/index.php?rest_route=\/wp\/v2\/media\/64500"}],"wp:attachment":[{"href":"https:\/\/jugulajm.net\/index.php?rest_route=%2Fwp%2Fv2%2Fmedia&parent=64499"}],"wp:term":[{"taxonomy":"category","embeddable":true,"href":"https:\/\/jugulajm.net\/index.php?rest_route=%2Fwp%2Fv2%2Fcategories&post=64499"},{"taxonomy":"post_tag","embeddable":true,"href":"https:\/\/jugulajm.net\/index.php?rest_route=%2Fwp%2Fv2%2Ftags&post=64499"}],"curies":[{"name":"wp","href":"https:\/\/api.w.org\/{rel}","templated":true}]}}