{"id":64497,"date":"2023-08-29T21:21:04","date_gmt":"2023-08-29T19:21:04","guid":{"rendered":"https:\/\/jugulajm.net\/?p=64497"},"modified":"2023-08-29T21:21:04","modified_gmt":"2023-08-29T19:21:04","slug":"itali-proteste-per-vrasjen-e-shqiptarit-klajdi-bitrit-banoret-ofrojne-ndihme-per-familjen","status":"publish","type":"post","link":"https:\/\/jugulajm.net\/?p=64497","title":{"rendered":"Itali\/ Protest\u00eb p\u00ebr vrasjen e shqiptarit Klajdi Bitrit, banor\u00ebt ofrojn\u00eb ndihm\u00eb p\u00ebr familjen"},"content":{"rendered":"<p>23-vje\u00e7ari shqiptar\u00a0Klajdi Bitri,\u00a0u vra n\u00eb Ankona t\u00eb Italis\u00eb pasi u godit n\u00eb gjoks me nj\u00eb shtiz\u00eb peshkimi nga nj\u00eb algjerian.<\/p>\n<p>I riu\u00a0nd\u00ebrhyri p\u00ebr t\u00eb shuar sherrin mes shokut t\u00eb tij, dhe nj\u00eb algjeriani q\u00eb u konfliktuan p\u00ebr nj\u00eb parakalim, por u sulmua nga 27-vje\u00e7ari i huaj i cili ra n\u00eb pranga kat\u00ebr or\u00eb pas vrasjes<\/p>\n<p>Lindita Elezi, k\u00ebshilltare rajonale n\u00eb rajonin e Marche tha se ngjarja e r\u00ebnd\u00eb ka tronditur opinionin publik.<\/p>\n<p>Ajo tregoi se 23-vje\u00e7ari shqiptar ishte nj\u00eb person i integruar shum\u00eb mir\u00eb n\u00eb vendin ku jetonte dhe asnj\u00ebher\u00eb nuk kishte krijuar probleme.<\/p>\n<p>Elezi tha se komuniteti i zon\u00ebs do t\u00eb organizoj\u00eb nj\u00eb manifestim n\u00eb qytetin e Ankon\u00ebs ku do t\u00eb k\u00ebrkojn\u00eb drejt\u00ebsi p\u00ebr Klajdi Bitrin.<\/p>\n<p>\u201cBanor\u00ebt e zon\u00ebs m\u00eb kan\u00eb kontaktuat, kan\u00eb k\u00ebrkuar ta ndihmojn\u00eb familjen Bitri, edhe kryetari i bashkis\u00eb s\u00eb Ankon\u00ebs, kan\u00eb qen\u00eb t\u00eb gatsh\u00ebm.<\/p>\n<p>Do b\u00ebjm\u00eb shpejt nj\u00eb manifestim p\u00ebr t\u00eb k\u00ebrkuar drejt\u00ebsi p\u00ebr Klajdi Bitrit me q\u00ebllim q\u00eb t\u00eb pakt\u00ebn vras\u00ebsi t\u00eb jet\u00eb n\u00eb burg p\u00ebr gjith\u00eb jet\u00ebn, kjo \u00ebsht\u00eb ajo q\u00eb k\u00ebrkojn\u00eb t\u00eb gjith\u00eb banor\u00ebt e provinc\u00ebs.<\/p>\n<p>Do organizohet n\u00eb qytetin e Ankon\u00ebs, me komunitetin shqiptar dhe banor\u00ebt e zon\u00ebs\u201d, tha Elezi.<\/p>\n","protected":false},"excerpt":{"rendered":"<p>23-vje\u00e7ari shqiptar\u00a0Klajdi Bitri,\u00a0u vra n\u00eb Ankona t\u00eb Italis\u00eb pasi u godit n\u00eb gjoks me nj\u00eb shtiz\u00eb peshkimi nga nj\u00eb algjerian. I riu\u00a0nd\u00ebrhyri p\u00ebr t\u00eb shuar sherrin mes shokut t\u00eb tij, dhe nj\u00eb algjeriani q\u00eb u konfliktuan p\u00ebr nj\u00eb parakalim, por u sulmua nga 27-vje\u00e7ari i huaj i cili ra n\u00eb pranga kat\u00ebr or\u00eb pas vrasjes [&hellip;]<\/p>\n","protected":false},"author":5,"featured_media":64417,"comment_status":"closed","ping_status":"closed","sticky":false,"template":"","format":"standard","meta":{"footnotes":""},"categories":[1,6332],"tags":[25973,25972],"class_list":{"0":"post-64497","1":"post","2":"type-post","3":"status-publish","4":"format-standard","5":"has-post-thumbnail","7":"category-aktualitet","8":"category-te-fundit","9":"tag-banoret-ofrojne-ndihme-per-familjen","10":"tag-itali-proteste-per-vrasjen-e-shqiptarit-klajdi-bitrit"},"_links":{"self":[{"href":"https:\/\/jugulajm.net\/index.php?rest_route=\/wp\/v2\/posts\/64497","targetHints":{"allow":["GET"]}}],"collection":[{"href":"https:\/\/jugulajm.net\/index.php?rest_route=\/wp\/v2\/posts"}],"about":[{"href":"https:\/\/jugulajm.net\/index.php?rest_route=\/wp\/v2\/types\/post"}],"author":[{"embeddable":true,"href":"https:\/\/jugulajm.net\/index.php?rest_route=\/wp\/v2\/users\/5"}],"replies":[{"embeddable":true,"href":"https:\/\/jugulajm.net\/index.php?rest_route=%2Fwp%2Fv2%2Fcomments&post=64497"}],"version-history":[{"count":0,"href":"https:\/\/jugulajm.net\/index.php?rest_route=\/wp\/v2\/posts\/64497\/revisions"}],"wp:featuredmedia":[{"embeddable":true,"href":"https:\/\/jugulajm.net\/index.php?rest_route=\/wp\/v2\/media\/64417"}],"wp:attachment":[{"href":"https:\/\/jugulajm.net\/index.php?rest_route=%2Fwp%2Fv2%2Fmedia&parent=64497"}],"wp:term":[{"taxonomy":"category","embeddable":true,"href":"https:\/\/jugulajm.net\/index.php?rest_route=%2Fwp%2Fv2%2Fcategories&post=64497"},{"taxonomy":"post_tag","embeddable":true,"href":"https:\/\/jugulajm.net\/index.php?rest_route=%2Fwp%2Fv2%2Ftags&post=64497"}],"curies":[{"name":"wp","href":"https:\/\/api.w.org\/{rel}","templated":true}]}}