{"id":64492,"date":"2023-08-29T19:34:35","date_gmt":"2023-08-29T17:34:35","guid":{"rendered":"https:\/\/jugulajm.net\/?p=64492"},"modified":"2023-08-29T19:34:35","modified_gmt":"2023-08-29T17:34:35","slug":"athine-qellohet-me-plumb-ne-koke-35-vjecari-shqiptar-ja-nga-cili-qytet-eshte","status":"publish","type":"post","link":"https:\/\/jugulajm.net\/?p=64492","title":{"rendered":"Athin\u00eb, q\u00ebllohet me plumb n\u00eb kok\u00eb 35-vje\u00e7ari shqiptar, ja nga cili qytet \u00ebsht\u00eb&#8230;"},"content":{"rendered":"<p>Nj\u00eb 35-vje\u00e7ar shqiptar ende i paidentifikuar, \u00ebsht\u00eb q\u00eblluar me arm\u00eb n\u00eb Greqi n\u00eb lagjen e Menidit n\u00eb Athin\u00eb.<\/p>\n<p>Konflikti q\u00eb u b\u00eb shkak p\u00ebr ngjarjen, sipas policis\u00eb nisi t\u00eb shtun\u00ebn n\u00eb nj\u00eb fest\u00eb me muzik\u00eb, ku shqiptari \u00ebsht\u00eb konfliktuar me dy persona t\u00eb tjer\u00eb, mes t\u00eb cil\u00ebve nj\u00eb grek 35-vje\u00e7ar, q\u00eb e goditi dhe e rr\u00ebzoi p\u00ebrtok\u00eb.<\/p>\n<p>Dy dit\u00eb m\u00eb von\u00eb shqiptari me origjin\u00eb nga Fieri ka shkuar me nj\u00eb arm\u00eb n\u00eb vendin e konfliktit duke hapur zjarr ndaj 35-vje\u00e7arit grek t\u00eb cilin e plagosi n\u00eb k\u00ebmb\u00eb, raportojn\u00eb <a href=\"https:\/\/www.ieidiseis.gr\/ellada\/211882\/far-ouest-se-panigyri-stp-menidi-travmatias-pire-to-oplo-tou-drasti-kai-ton-pyrovolise-sto-kefali\">mediat greke.<\/a><\/p>\n<p>Autori ka tentuar t\u00eb largohet por \u00ebsht\u00eb p\u00ebrplasur me nj\u00eb shtetase dhe i ka r\u00ebn\u00eb pistoleta n\u00eb tok\u00eb.<\/p>\n<p>N\u00eb k\u00ebt\u00eb moment shtetasi grek ka arritur t\u00eb marr\u00eb arm\u00ebn dhe ka q\u00eblluar ndaj shqiptarit, duke e goditur n\u00eb kok\u00eb duke e l\u00ebn\u00eb t\u00eb plagosur r\u00ebnd\u00eb.<\/p>\n<p>Sipas mediave greke 35-vje\u00e7ari shqiptar ka kryer d\u00ebnime p\u00ebr vepra t\u00eb r\u00ebnda penale dhe ishte liruar nga burgu s\u00eb fundi.<\/p>\n","protected":false},"excerpt":{"rendered":"<p>Nj\u00eb 35-vje\u00e7ar shqiptar ende i paidentifikuar, \u00ebsht\u00eb q\u00eblluar me arm\u00eb n\u00eb Greqi n\u00eb lagjen e Menidit n\u00eb Athin\u00eb. Konflikti q\u00eb u b\u00eb shkak p\u00ebr ngjarjen, sipas policis\u00eb nisi t\u00eb shtun\u00ebn n\u00eb nj\u00eb fest\u00eb me muzik\u00eb, ku shqiptari \u00ebsht\u00eb konfliktuar me dy persona t\u00eb tjer\u00eb, mes t\u00eb cil\u00ebve nj\u00eb grek 35-vje\u00e7ar, q\u00eb e goditi dhe e [&hellip;]<\/p>\n","protected":false},"author":5,"featured_media":56952,"comment_status":"closed","ping_status":"closed","sticky":false,"template":"","format":"standard","meta":{"footnotes":""},"categories":[1,6332],"tags":[9489,25971,25970],"class_list":{"0":"post-64492","1":"post","2":"type-post","3":"status-publish","4":"format-standard","5":"has-post-thumbnail","7":"category-aktualitet","8":"category-te-fundit","9":"tag-athine","10":"tag-ja-nga-cili-qytet-eshte","11":"tag-qellohet-me-plumb-ne-koke-35-vjecari-shqiptar"},"_links":{"self":[{"href":"https:\/\/jugulajm.net\/index.php?rest_route=\/wp\/v2\/posts\/64492","targetHints":{"allow":["GET"]}}],"collection":[{"href":"https:\/\/jugulajm.net\/index.php?rest_route=\/wp\/v2\/posts"}],"about":[{"href":"https:\/\/jugulajm.net\/index.php?rest_route=\/wp\/v2\/types\/post"}],"author":[{"embeddable":true,"href":"https:\/\/jugulajm.net\/index.php?rest_route=\/wp\/v2\/users\/5"}],"replies":[{"embeddable":true,"href":"https:\/\/jugulajm.net\/index.php?rest_route=%2Fwp%2Fv2%2Fcomments&post=64492"}],"version-history":[{"count":0,"href":"https:\/\/jugulajm.net\/index.php?rest_route=\/wp\/v2\/posts\/64492\/revisions"}],"wp:featuredmedia":[{"embeddable":true,"href":"https:\/\/jugulajm.net\/index.php?rest_route=\/wp\/v2\/media\/56952"}],"wp:attachment":[{"href":"https:\/\/jugulajm.net\/index.php?rest_route=%2Fwp%2Fv2%2Fmedia&parent=64492"}],"wp:term":[{"taxonomy":"category","embeddable":true,"href":"https:\/\/jugulajm.net\/index.php?rest_route=%2Fwp%2Fv2%2Fcategories&post=64492"},{"taxonomy":"post_tag","embeddable":true,"href":"https:\/\/jugulajm.net\/index.php?rest_route=%2Fwp%2Fv2%2Ftags&post=64492"}],"curies":[{"name":"wp","href":"https:\/\/api.w.org\/{rel}","templated":true}]}}