{"id":64487,"date":"2023-08-29T18:10:31","date_gmt":"2023-08-29T16:10:31","guid":{"rendered":"https:\/\/jugulajm.net\/?p=64487"},"modified":"2023-08-29T18:11:40","modified_gmt":"2023-08-29T16:11:40","slug":"nano-ne-spital-avokat-ngjela-ps-duhet-te-interesohet-per-kurimin-e-tij-sepse","status":"publish","type":"post","link":"https:\/\/jugulajm.net\/?p=64487","title":{"rendered":"Nano n\u00eb spital, reagon avokat Ngjela: PS duhet t\u00eb interesohet p\u00ebr kurimin e tij sepse&#8230;"},"content":{"rendered":"<p>Avokati Spartak Ngjela, ka reaguar pas lajmit se ish-kryeministri Fatos Nano ndodhet n\u00eb gjendje jo t\u00eb mir\u00eb sh\u00ebndet\u00ebsore.<\/p>\n<p>Ngjela shprehet se n\u00ebse gjendja e tij \u00ebsht\u00eb serioze dhe ka nevoj\u00eb p\u00ebr kurim, Partia Socialiste duhet t\u00eb tregoj\u00eb interes n\u00eb kurimin sa m\u00eb t\u00eb shpejt\u00eb t\u00eb tij.<\/p>\n<p>Gjithashtu Ngjela shprehet se Nano \u00ebsht\u00eb nj\u00eb individ i ve\u00e7ant\u00eb n\u00eb historin\u00eb politike t\u00eb Shqip\u00ebris\u00eb, duke listuar dhe t\u00eb shkuar\u00ebn e tij politike.<\/p>\n","protected":false},"excerpt":{"rendered":"<p>Avokati Spartak Ngjela, ka reaguar pas lajmit se ish-kryeministri Fatos Nano ndodhet n\u00eb gjendje jo t\u00eb mir\u00eb sh\u00ebndet\u00ebsore. Ngjela shprehet se n\u00ebse gjendja e tij \u00ebsht\u00eb serioze dhe ka nevoj\u00eb p\u00ebr kurim, Partia Socialiste duhet t\u00eb tregoj\u00eb interes n\u00eb kurimin sa m\u00eb t\u00eb shpejt\u00eb t\u00eb tij. Gjithashtu Ngjela shprehet se Nano \u00ebsht\u00eb nj\u00eb individ i [&hellip;]<\/p>\n","protected":false},"author":5,"featured_media":64488,"comment_status":"closed","ping_status":"closed","sticky":false,"template":"","format":"standard","meta":{"footnotes":""},"categories":[1,6332],"tags":[25969,25968],"class_list":{"0":"post-64487","1":"post","2":"type-post","3":"status-publish","4":"format-standard","5":"has-post-thumbnail","7":"category-aktualitet","8":"category-te-fundit","9":"tag-avokat-ngjela-ps-duhet-te-interesohet-per-kurimin-e-tij-sepse","10":"tag-nano-ne-spital"},"_links":{"self":[{"href":"https:\/\/jugulajm.net\/index.php?rest_route=\/wp\/v2\/posts\/64487","targetHints":{"allow":["GET"]}}],"collection":[{"href":"https:\/\/jugulajm.net\/index.php?rest_route=\/wp\/v2\/posts"}],"about":[{"href":"https:\/\/jugulajm.net\/index.php?rest_route=\/wp\/v2\/types\/post"}],"author":[{"embeddable":true,"href":"https:\/\/jugulajm.net\/index.php?rest_route=\/wp\/v2\/users\/5"}],"replies":[{"embeddable":true,"href":"https:\/\/jugulajm.net\/index.php?rest_route=%2Fwp%2Fv2%2Fcomments&post=64487"}],"version-history":[{"count":0,"href":"https:\/\/jugulajm.net\/index.php?rest_route=\/wp\/v2\/posts\/64487\/revisions"}],"wp:featuredmedia":[{"embeddable":true,"href":"https:\/\/jugulajm.net\/index.php?rest_route=\/wp\/v2\/media\/64488"}],"wp:attachment":[{"href":"https:\/\/jugulajm.net\/index.php?rest_route=%2Fwp%2Fv2%2Fmedia&parent=64487"}],"wp:term":[{"taxonomy":"category","embeddable":true,"href":"https:\/\/jugulajm.net\/index.php?rest_route=%2Fwp%2Fv2%2Fcategories&post=64487"},{"taxonomy":"post_tag","embeddable":true,"href":"https:\/\/jugulajm.net\/index.php?rest_route=%2Fwp%2Fv2%2Ftags&post=64487"}],"curies":[{"name":"wp","href":"https:\/\/api.w.org\/{rel}","templated":true}]}}