{"id":64476,"date":"2023-08-29T15:43:27","date_gmt":"2023-08-29T13:43:27","guid":{"rendered":"https:\/\/jugulajm.net\/?p=64476"},"modified":"2023-08-29T15:43:27","modified_gmt":"2023-08-29T13:43:27","slug":"emri-detaje-u-perdhunua-nga-babai-i-saj-25-vjecarja-ishte-rritur-ne","status":"publish","type":"post","link":"https:\/\/jugulajm.net\/?p=64476","title":{"rendered":"EMRI\/ Detaje, u p\u00ebrdhunua nga babai i saj, 25-vje\u00e7arja ishte rritur n\u00eb&#8230;"},"content":{"rendered":"<p>Jan\u00eb zbuluar detaje t\u00eb reja nga ngjarja e r\u00ebnd\u00eb Finiq, ku babai dyshohet se ka abuzuar me vajz\u00ebn e tij 25 vje\u00e7e. Ramazan Rroko 67 vje\u00e7 \u00ebsht\u00eb arrestuar pas denoncimit t\u00eb vajz\u00ebs.<\/p>\n<p>Pas divorcit t\u00eb prind\u00ebrve vajza ishte rritur n\u00eb sht\u00ebpin\u00eb e f\u00ebmij\u00ebs, n\u00eb Durr\u00ebs dhe prej 1 muaji jetonte n\u00eb nj\u00eb sht\u00ebpi me qira n\u00eb fshatin D\u00ebrmish me babain e saj.<\/p>\n<p>Kan\u00eb qen\u00eb banor\u00ebt e fshatit ata t\u00eb cil\u00ebt kan\u00eb v\u00ebn\u00eb re veprime t\u00eb dyshimta dhe kan\u00eb raportuar n\u00eb Polici.<\/p>\n<p>Pas fillimit t\u00eb investigimit nga ana e Policis\u00eb, 25-vje\u00e7arja ka denoncuar se babai i saj abuzonte vazhdimisht seksualisht ndaj saj.<\/p>\n<p>E \u00ebma e 25 vje\u00e7ares jeton n\u00eb nj\u00eb fshat t\u00eb Lushnjes dhe vuan nga sh\u00ebndeti mendor. Deri para nj\u00eb muaji vajza q\u00ebndronte n\u00eb sht\u00ebpin\u00eb e f\u00ebmij\u00ebs n\u00eb Durr\u00ebs.<\/p>\n<p>Sipas deklarat\u00ebs s\u00eb 25 vje\u00ebares abuzimi ka ndodhur n\u00eb dit\u00eb t\u00eb ndryshme, gjat\u00eb muajit q\u00eb ka q\u00ebndruar me t\u00eb atin n\u00eb D\u00ebrmish t\u00eb Finiqit.<\/p>\n","protected":false},"excerpt":{"rendered":"<p>Jan\u00eb zbuluar detaje t\u00eb reja nga ngjarja e r\u00ebnd\u00eb Finiq, ku babai dyshohet se ka abuzuar me vajz\u00ebn e tij 25 vje\u00e7e. Ramazan Rroko 67 vje\u00e7 \u00ebsht\u00eb arrestuar pas denoncimit t\u00eb vajz\u00ebs. Pas divorcit t\u00eb prind\u00ebrve vajza ishte rritur n\u00eb sht\u00ebpin\u00eb e f\u00ebmij\u00ebs, n\u00eb Durr\u00ebs dhe prej 1 muaji jetonte n\u00eb nj\u00eb sht\u00ebpi me qira [&hellip;]<\/p>\n","protected":false},"author":5,"featured_media":63723,"comment_status":"closed","ping_status":"closed","sticky":false,"template":"","format":"standard","meta":{"footnotes":""},"categories":[1,6332],"tags":[25963,25961,25962],"class_list":{"0":"post-64476","1":"post","2":"type-post","3":"status-publish","4":"format-standard","5":"has-post-thumbnail","7":"category-aktualitet","8":"category-te-fundit","9":"tag-25-vjecarja-ishte-rritur-ne","10":"tag-emri-detaje","11":"tag-u-perdhunua-nga-babai-i-saj"},"_links":{"self":[{"href":"https:\/\/jugulajm.net\/index.php?rest_route=\/wp\/v2\/posts\/64476","targetHints":{"allow":["GET"]}}],"collection":[{"href":"https:\/\/jugulajm.net\/index.php?rest_route=\/wp\/v2\/posts"}],"about":[{"href":"https:\/\/jugulajm.net\/index.php?rest_route=\/wp\/v2\/types\/post"}],"author":[{"embeddable":true,"href":"https:\/\/jugulajm.net\/index.php?rest_route=\/wp\/v2\/users\/5"}],"replies":[{"embeddable":true,"href":"https:\/\/jugulajm.net\/index.php?rest_route=%2Fwp%2Fv2%2Fcomments&post=64476"}],"version-history":[{"count":0,"href":"https:\/\/jugulajm.net\/index.php?rest_route=\/wp\/v2\/posts\/64476\/revisions"}],"wp:featuredmedia":[{"embeddable":true,"href":"https:\/\/jugulajm.net\/index.php?rest_route=\/wp\/v2\/media\/63723"}],"wp:attachment":[{"href":"https:\/\/jugulajm.net\/index.php?rest_route=%2Fwp%2Fv2%2Fmedia&parent=64476"}],"wp:term":[{"taxonomy":"category","embeddable":true,"href":"https:\/\/jugulajm.net\/index.php?rest_route=%2Fwp%2Fv2%2Fcategories&post=64476"},{"taxonomy":"post_tag","embeddable":true,"href":"https:\/\/jugulajm.net\/index.php?rest_route=%2Fwp%2Fv2%2Ftags&post=64476"}],"curies":[{"name":"wp","href":"https:\/\/api.w.org\/{rel}","templated":true}]}}