{"id":64474,"date":"2023-08-29T15:04:48","date_gmt":"2023-08-29T13:04:48","guid":{"rendered":"https:\/\/jugulajm.net\/?p=64474"},"modified":"2023-08-29T15:04:48","modified_gmt":"2023-08-29T13:04:48","slug":"peleshi-jep-alarmin-mund-te-kemi-permbytje","status":"publish","type":"post","link":"https:\/\/jugulajm.net\/?p=64474","title":{"rendered":"Peleshi jep alarmin: Mund t\u00eb kemi p\u00ebrmbytje"},"content":{"rendered":"<p>Ministri i Mbrojtjes, Niko Peleshi u ka b\u00ebr\u00eb thirrje qytetar\u00ebve, Bashkive dhe Prefekt\u00ebve q\u00eb t\u00eb bashk\u00ebpunojn\u00eb me Emergjencat Civile p\u00ebr t\u00eb p\u00ebrballuar rastet e p\u00ebrmbytjeve q\u00eb mund t\u00eb shkaktohen nga reshjet e shiut q\u00eb pritet t\u00eb p\u00ebrfshijn\u00eb vendin n\u00eb dit\u00ebt n\u00eb vijim.<\/p>\n<p>Peleshi tha se p\u00ebr shkak t\u00eb reshjeve mund t\u00eb ket\u00eb dalje nga shtrati t\u00eb p\u00ebrrenjve dhe p\u00ebr k\u00ebt\u00eb arsye qytetar\u00ebt dhe institucionet duhet t\u00eb sinjalizojn\u00eb n\u00eb koh\u00eb Emergjenc\u00ebn Civile p\u00ebr shmangur rrezikun p\u00ebr jet\u00ebn e qytetar\u00ebve dhe d\u00ebmet materiale.<\/p>\n","protected":false},"excerpt":{"rendered":"<p>Ministri i Mbrojtjes, Niko Peleshi u ka b\u00ebr\u00eb thirrje qytetar\u00ebve, Bashkive dhe Prefekt\u00ebve q\u00eb t\u00eb bashk\u00ebpunojn\u00eb me Emergjencat Civile p\u00ebr t\u00eb p\u00ebrballuar rastet e p\u00ebrmbytjeve q\u00eb mund t\u00eb shkaktohen nga reshjet e shiut q\u00eb pritet t\u00eb p\u00ebrfshijn\u00eb vendin n\u00eb dit\u00ebt n\u00eb vijim. Peleshi tha se p\u00ebr shkak t\u00eb reshjeve mund t\u00eb ket\u00eb dalje nga shtrati [&hellip;]<\/p>\n","protected":false},"author":5,"featured_media":54143,"comment_status":"closed","ping_status":"closed","sticky":false,"template":"","format":"standard","meta":{"footnotes":""},"categories":[1,6332],"tags":[25960],"class_list":{"0":"post-64474","1":"post","2":"type-post","3":"status-publish","4":"format-standard","5":"has-post-thumbnail","7":"category-aktualitet","8":"category-te-fundit","9":"tag-peleshi-jep-alarmin-mund-te-kemi-permbytje"},"_links":{"self":[{"href":"https:\/\/jugulajm.net\/index.php?rest_route=\/wp\/v2\/posts\/64474","targetHints":{"allow":["GET"]}}],"collection":[{"href":"https:\/\/jugulajm.net\/index.php?rest_route=\/wp\/v2\/posts"}],"about":[{"href":"https:\/\/jugulajm.net\/index.php?rest_route=\/wp\/v2\/types\/post"}],"author":[{"embeddable":true,"href":"https:\/\/jugulajm.net\/index.php?rest_route=\/wp\/v2\/users\/5"}],"replies":[{"embeddable":true,"href":"https:\/\/jugulajm.net\/index.php?rest_route=%2Fwp%2Fv2%2Fcomments&post=64474"}],"version-history":[{"count":0,"href":"https:\/\/jugulajm.net\/index.php?rest_route=\/wp\/v2\/posts\/64474\/revisions"}],"wp:featuredmedia":[{"embeddable":true,"href":"https:\/\/jugulajm.net\/index.php?rest_route=\/wp\/v2\/media\/54143"}],"wp:attachment":[{"href":"https:\/\/jugulajm.net\/index.php?rest_route=%2Fwp%2Fv2%2Fmedia&parent=64474"}],"wp:term":[{"taxonomy":"category","embeddable":true,"href":"https:\/\/jugulajm.net\/index.php?rest_route=%2Fwp%2Fv2%2Fcategories&post=64474"},{"taxonomy":"post_tag","embeddable":true,"href":"https:\/\/jugulajm.net\/index.php?rest_route=%2Fwp%2Fv2%2Ftags&post=64474"}],"curies":[{"name":"wp","href":"https:\/\/api.w.org\/{rel}","templated":true}]}}