{"id":64459,"date":"2023-08-29T09:30:55","date_gmt":"2023-08-29T07:30:55","guid":{"rendered":"https:\/\/jugulajm.net\/?p=64459"},"modified":"2023-08-29T09:45:13","modified_gmt":"2023-08-29T07:45:13","slug":"emri-prangoset-33-vjecari-nga-malshova-i-vodhi-celularin-nje-shtetasi-italian","status":"publish","type":"post","link":"https:\/\/jugulajm.net\/?p=64459","title":{"rendered":"EMRI\/ Prangoset 33 vje\u00e7ari nga Malshova, i vodhi celularin nj\u00eb shtetasi italian"},"content":{"rendered":"<p>Nj\u00eb 33 vje\u00e7ar nga Malshova e P\u00ebrmeti ka r\u00ebn\u00eb n\u00eb prangat e policis\u00eb p\u00ebr vjedhje.<\/p>\n<p>M\u00ebsohet se i riu i ka vjedhur celularin nj\u00eb 23-vje\u00e7ari italian n\u00eb vendin e quajtur \u201cBanjat e B\u00ebnj\u00ebs\u201d.<\/p>\n<p><strong>Njoftimi i policise:<\/strong><\/p>\n<p>I vodhi celularin nj\u00eb shtetasi italian, fal\u00eb veprimeve t\u00eb shpejta nga Policia, identifikohet, kapet dhe vihet n\u00eb pranga autori i dyshuar.<\/p>\n<p>Sh\u00ebrbimet e Komisariatit t\u00eb Policis\u00eb P\u00ebrmet, menj\u00ebher\u00eb pas marrjes s\u00eb kall\u00ebzimit nga nj\u00eb shtetas italian, se i kishin vjedhur celularin, n\u00eb vendin e quajtur \u201cBanjat e B\u00ebnj\u00ebs\u201d, P\u00ebrmet, kan\u00eb organizuar pun\u00ebn p\u00ebr identifikimin dhe kapjen e autorit. Si rezultat i veprimeve t\u00eb shpejta hetimore dhe procedurale nga Policia, \u00ebsht\u00eb identifikuar, kapur dhe arrestuar autori i dyshuar i vjedhjes s\u00eb celularit t\u00eb 23-vje\u00e7arit italian, shtetasi: Ervis Qorri, 33 vje\u00e7, banues n\u00eb fshatin Malshov\u00eb, P\u00ebrmet.<\/p>\n<p>Materialet procedurale i kaluan Prokuroris\u00eb pran\u00eb Gjykat\u00ebs s\u00eb Shkall\u00ebs s\u00eb par\u00eb t\u00eb Juridiksionit t\u00eb P\u00ebrgjithsh\u00ebm Gjirokast\u00ebr, p\u00ebr veprime t\u00eb m\u00ebtejshme, p\u00ebr vepr\u00ebn penale \u201cVjedhja\u201d.<\/p>\n","protected":false},"excerpt":{"rendered":"<p>Nj\u00eb 33 vje\u00e7ar nga Malshova e P\u00ebrmeti ka r\u00ebn\u00eb n\u00eb prangat e policis\u00eb p\u00ebr vjedhje. M\u00ebsohet se i riu i ka vjedhur celularin nj\u00eb 23-vje\u00e7ari italian n\u00eb vendin e quajtur \u201cBanjat e B\u00ebnj\u00ebs\u201d. Njoftimi i policise: I vodhi celularin nj\u00eb shtetasi italian, fal\u00eb veprimeve t\u00eb shpejta nga Policia, identifikohet, kapet dhe vihet n\u00eb pranga autori [&hellip;]<\/p>\n","protected":false},"author":5,"featured_media":52095,"comment_status":"closed","ping_status":"closed","sticky":false,"template":"","format":"standard","meta":{"footnotes":""},"categories":[1,6332],"tags":[25953,25954],"class_list":{"0":"post-64459","1":"post","2":"type-post","3":"status-publish","4":"format-standard","5":"has-post-thumbnail","7":"category-aktualitet","8":"category-te-fundit","9":"tag-emri-prangoset-33-vjecari-nga-malshova","10":"tag-i-vodhi-celularin-nje-shtetasi-italian"},"_links":{"self":[{"href":"https:\/\/jugulajm.net\/index.php?rest_route=\/wp\/v2\/posts\/64459","targetHints":{"allow":["GET"]}}],"collection":[{"href":"https:\/\/jugulajm.net\/index.php?rest_route=\/wp\/v2\/posts"}],"about":[{"href":"https:\/\/jugulajm.net\/index.php?rest_route=\/wp\/v2\/types\/post"}],"author":[{"embeddable":true,"href":"https:\/\/jugulajm.net\/index.php?rest_route=\/wp\/v2\/users\/5"}],"replies":[{"embeddable":true,"href":"https:\/\/jugulajm.net\/index.php?rest_route=%2Fwp%2Fv2%2Fcomments&post=64459"}],"version-history":[{"count":0,"href":"https:\/\/jugulajm.net\/index.php?rest_route=\/wp\/v2\/posts\/64459\/revisions"}],"wp:featuredmedia":[{"embeddable":true,"href":"https:\/\/jugulajm.net\/index.php?rest_route=\/wp\/v2\/media\/52095"}],"wp:attachment":[{"href":"https:\/\/jugulajm.net\/index.php?rest_route=%2Fwp%2Fv2%2Fmedia&parent=64459"}],"wp:term":[{"taxonomy":"category","embeddable":true,"href":"https:\/\/jugulajm.net\/index.php?rest_route=%2Fwp%2Fv2%2Fcategories&post=64459"},{"taxonomy":"post_tag","embeddable":true,"href":"https:\/\/jugulajm.net\/index.php?rest_route=%2Fwp%2Fv2%2Ftags&post=64459"}],"curies":[{"name":"wp","href":"https:\/\/api.w.org\/{rel}","templated":true}]}}