{"id":64425,"date":"2023-08-28T11:29:21","date_gmt":"2023-08-28T09:29:21","guid":{"rendered":"https:\/\/jugulajm.net\/?p=64425"},"modified":"2023-08-28T11:29:21","modified_gmt":"2023-08-28T09:29:21","slug":"emrat-aksident-ne-aksin-sarande-gjirokaster-makina-perplaset-me-motorin-2-te-plagosur","status":"publish","type":"post","link":"https:\/\/jugulajm.net\/?p=64425","title":{"rendered":"EMRAT\/ Aksident n\u00eb aksin Sarand\u00eb-Gjirokast\u00ebr, makina p\u00ebrplaset me motorin, 2 t\u00eb plagosur"},"content":{"rendered":"<p>Nj\u00eb aksident \u00ebsht\u00eb sh\u00ebnuar n\u00eb aksin Sarand\u00eb-Gjirokast\u00ebr n\u00eb af\u00ebrsi t\u00eb HEC \u201cBistrica 2\u201d.<\/p>\n<p>Nj\u00eb automjet \u00ebsht\u00eb p\u00ebrplasur me nj\u00eb motor, ku p\u00ebr pasoj\u00eb kan\u00eb mbetur t\u00eb plagosur dy turist\u00eb.<\/p>\n<p>Automjeti tip \u201cWolksvagen\u201d me drejtues 19 vje\u00e7arin Orest Zhgabi, \u00ebsht\u00eb p\u00ebrplasur me motorin tip \u201cDayang\u201d me drejtues shtetasin italian Giorgo Vania, 24 vje\u00e7.<\/p>\n<p>Si pasoj\u00eb \u00ebsht\u00eb plagosur ky i fundit dhe pasagjerja Maria Pedroni, 25 vjece.<\/p>\n<p>Ata jan\u00eb transportuar me dy autoambulanca drejt urgjenc\u00ebs s\u00eb Spitalit t\u00eb Sarand\u00ebs ku raportohet se nj\u00eb prej tyre ka ka thyerje t\u00eb femurit.<\/p>\n","protected":false},"excerpt":{"rendered":"<p>Nj\u00eb aksident \u00ebsht\u00eb sh\u00ebnuar n\u00eb aksin Sarand\u00eb-Gjirokast\u00ebr n\u00eb af\u00ebrsi t\u00eb HEC \u201cBistrica 2\u201d. Nj\u00eb automjet \u00ebsht\u00eb p\u00ebrplasur me nj\u00eb motor, ku p\u00ebr pasoj\u00eb kan\u00eb mbetur t\u00eb plagosur dy turist\u00eb. Automjeti tip \u201cWolksvagen\u201d me drejtues 19 vje\u00e7arin Orest Zhgabi, \u00ebsht\u00eb p\u00ebrplasur me motorin tip \u201cDayang\u201d me drejtues shtetasin italian Giorgo Vania, 24 vje\u00e7. Si pasoj\u00eb \u00ebsht\u00eb [&hellip;]<\/p>\n","protected":false},"author":5,"featured_media":52043,"comment_status":"closed","ping_status":"closed","sticky":false,"template":"","format":"standard","meta":{"footnotes":""},"categories":[1,6332],"tags":[15133,25933,25934],"class_list":{"0":"post-64425","1":"post","2":"type-post","3":"status-publish","4":"format-standard","5":"has-post-thumbnail","7":"category-aktualitet","8":"category-te-fundit","9":"tag-2-te-plagosur","10":"tag-emrat-aksident-ne-aksin-sarande-gjirokaster","11":"tag-makina-perplaset-me-motorin"},"_links":{"self":[{"href":"https:\/\/jugulajm.net\/index.php?rest_route=\/wp\/v2\/posts\/64425","targetHints":{"allow":["GET"]}}],"collection":[{"href":"https:\/\/jugulajm.net\/index.php?rest_route=\/wp\/v2\/posts"}],"about":[{"href":"https:\/\/jugulajm.net\/index.php?rest_route=\/wp\/v2\/types\/post"}],"author":[{"embeddable":true,"href":"https:\/\/jugulajm.net\/index.php?rest_route=\/wp\/v2\/users\/5"}],"replies":[{"embeddable":true,"href":"https:\/\/jugulajm.net\/index.php?rest_route=%2Fwp%2Fv2%2Fcomments&post=64425"}],"version-history":[{"count":0,"href":"https:\/\/jugulajm.net\/index.php?rest_route=\/wp\/v2\/posts\/64425\/revisions"}],"wp:featuredmedia":[{"embeddable":true,"href":"https:\/\/jugulajm.net\/index.php?rest_route=\/wp\/v2\/media\/52043"}],"wp:attachment":[{"href":"https:\/\/jugulajm.net\/index.php?rest_route=%2Fwp%2Fv2%2Fmedia&parent=64425"}],"wp:term":[{"taxonomy":"category","embeddable":true,"href":"https:\/\/jugulajm.net\/index.php?rest_route=%2Fwp%2Fv2%2Fcategories&post=64425"},{"taxonomy":"post_tag","embeddable":true,"href":"https:\/\/jugulajm.net\/index.php?rest_route=%2Fwp%2Fv2%2Ftags&post=64425"}],"curies":[{"name":"wp","href":"https:\/\/api.w.org\/{rel}","templated":true}]}}