{"id":64416,"date":"2023-08-28T08:32:48","date_gmt":"2023-08-28T06:32:48","guid":{"rendered":"https:\/\/jugulajm.net\/?p=64416"},"modified":"2023-08-28T08:32:48","modified_gmt":"2023-08-28T06:32:48","slug":"emri-foto-ja-kush-eshte-23-vjecari-shqiptar-qe-u-vra-ne-itali-hyri-te-ndalonte-sherrin-por","status":"publish","type":"post","link":"https:\/\/jugulajm.net\/?p=64416","title":{"rendered":"EMRI-FOTO\/ Ja kush \u00ebsht\u00eb 23-vje\u00e7ari shqiptar q\u00eb u vra n\u00eb Itali, hyri t\u00eb ndalonte sherrin, por&#8230;"},"content":{"rendered":"<p>Zbardhet identiteti i 23-vje\u00e7arit shqiptar q\u00eb mbeti i vrar\u00eb n\u00eb Itali.<\/p>\n<p>B\u00ebhet fjal\u00eb p\u00ebr Klajdi Bitrin, i cili nd\u00ebrhyri p\u00ebr t\u00eb shuar sherrin mes shokut t\u00eb tij dhe autorit, nj\u00eb shtetas algjerian.<\/p>\n<p>Sherri mes t\u00eb cil\u00ebve ka ndodhur pasi makina ku ndodhej autori i vrasjes kishte bllokuar trafikun dhe nuk i jepte p\u00ebrpar\u00ebsi automjeteve t\u00eb tjera.<\/p>\n<p>Raportohet se mes autorit dhe shokut t\u00eb shqiptarit ka pasur nj\u00eb p\u00ebrplasje fizike dhe n\u00eb k\u00ebt\u00eb m\u00ebnyr\u00eb 23-vje\u00e7ari shqiptar ka nd\u00ebrhyr\u00eb p\u00ebr t\u00eb shuar sherrin.<\/p>\n<p>Ka qen\u00eb ky edhe momenti kur \u00ebsht\u00eb goditur me pushk\u00eb peshkimi nga alegjeriani.<\/p>\n","protected":false},"excerpt":{"rendered":"<p>Zbardhet identiteti i 23-vje\u00e7arit shqiptar q\u00eb mbeti i vrar\u00eb n\u00eb Itali. B\u00ebhet fjal\u00eb p\u00ebr Klajdi Bitrin, i cili nd\u00ebrhyri p\u00ebr t\u00eb shuar sherrin mes shokut t\u00eb tij dhe autorit, nj\u00eb shtetas algjerian. Sherri mes t\u00eb cil\u00ebve ka ndodhur pasi makina ku ndodhej autori i vrasjes kishte bllokuar trafikun dhe nuk i jepte p\u00ebrpar\u00ebsi automjeteve t\u00eb [&hellip;]<\/p>\n","protected":false},"author":5,"featured_media":64417,"comment_status":"closed","ping_status":"closed","sticky":false,"template":"","format":"standard","meta":{"footnotes":""},"categories":[1,6332],"tags":[25929,25930,21429],"class_list":{"0":"post-64416","1":"post","2":"type-post","3":"status-publish","4":"format-standard","5":"has-post-thumbnail","7":"category-aktualitet","8":"category-te-fundit","9":"tag-emri-foto-ja-kush-eshte-23-vjecari-shqiptar-qe-u-vra-ne-itali","10":"tag-hyri-te-ndalonte-sherrin","11":"tag-por"},"_links":{"self":[{"href":"https:\/\/jugulajm.net\/index.php?rest_route=\/wp\/v2\/posts\/64416","targetHints":{"allow":["GET"]}}],"collection":[{"href":"https:\/\/jugulajm.net\/index.php?rest_route=\/wp\/v2\/posts"}],"about":[{"href":"https:\/\/jugulajm.net\/index.php?rest_route=\/wp\/v2\/types\/post"}],"author":[{"embeddable":true,"href":"https:\/\/jugulajm.net\/index.php?rest_route=\/wp\/v2\/users\/5"}],"replies":[{"embeddable":true,"href":"https:\/\/jugulajm.net\/index.php?rest_route=%2Fwp%2Fv2%2Fcomments&post=64416"}],"version-history":[{"count":0,"href":"https:\/\/jugulajm.net\/index.php?rest_route=\/wp\/v2\/posts\/64416\/revisions"}],"wp:featuredmedia":[{"embeddable":true,"href":"https:\/\/jugulajm.net\/index.php?rest_route=\/wp\/v2\/media\/64417"}],"wp:attachment":[{"href":"https:\/\/jugulajm.net\/index.php?rest_route=%2Fwp%2Fv2%2Fmedia&parent=64416"}],"wp:term":[{"taxonomy":"category","embeddable":true,"href":"https:\/\/jugulajm.net\/index.php?rest_route=%2Fwp%2Fv2%2Fcategories&post=64416"},{"taxonomy":"post_tag","embeddable":true,"href":"https:\/\/jugulajm.net\/index.php?rest_route=%2Fwp%2Fv2%2Ftags&post=64416"}],"curies":[{"name":"wp","href":"https:\/\/api.w.org\/{rel}","templated":true}]}}