{"id":64404,"date":"2023-08-27T18:20:31","date_gmt":"2023-08-27T16:20:31","guid":{"rendered":"https:\/\/jugulajm.net\/?p=64404"},"modified":"2023-08-27T18:20:31","modified_gmt":"2023-08-27T16:20:31","slug":"lajm-i-fundit-gjendet-i-vetevrare-52-vjecari-ne-progonat-ja-dyshimet","status":"publish","type":"post","link":"https:\/\/jugulajm.net\/?p=64404","title":{"rendered":"LAJM I FUNDIT\/ Gjendet i vet\u00ebvrar\u00eb 52-vje\u00e7ari n\u00eb Progonat, ja dyshimet&#8230;"},"content":{"rendered":"<p>Tepelen\u00eb\/Informacion paraprak<\/p>\n<p>N\u00eb mbasditen e sotme, n\u00eb kopshtin e banes\u00ebs s\u00eb tij, n\u00eb fshatin Progonat, \u00ebsht\u00eb gjetur nga familjar\u00ebt e tij, dyshohet i vet\u00ebvrar\u00eb me arm\u00eb zjarri automatik, shtetasi A. A., 52 vje\u00e7.<\/p>\n<p>Sipas deklarimeve t\u00eb familjar\u00ebve, 52-vje\u00e7ari p\u00ebrdorte medikamente p\u00ebr sh\u00ebndetin mendor, pasi vuante nga depresioni.<\/p>\n<p>Grupi hetimor po punon p\u00ebr zbardhjen e plot\u00eb t\u00eb rrethanave t\u00eb k\u00ebsaj ngjarjeje.<\/p>\n","protected":false},"excerpt":{"rendered":"<p>Tepelen\u00eb\/Informacion paraprak N\u00eb mbasditen e sotme, n\u00eb kopshtin e banes\u00ebs s\u00eb tij, n\u00eb fshatin Progonat, \u00ebsht\u00eb gjetur nga familjar\u00ebt e tij, dyshohet i vet\u00ebvrar\u00eb me arm\u00eb zjarri automatik, shtetasi A. A., 52 vje\u00e7. Sipas deklarimeve t\u00eb familjar\u00ebve, 52-vje\u00e7ari p\u00ebrdorte medikamente p\u00ebr sh\u00ebndetin mendor, pasi vuante nga depresioni. Grupi hetimor po punon p\u00ebr zbardhjen e plot\u00eb [&hellip;]<\/p>\n","protected":false},"author":5,"featured_media":64316,"comment_status":"closed","ping_status":"closed","sticky":false,"template":"","format":"standard","meta":{"footnotes":""},"categories":[1,6332],"tags":[20344,25921],"class_list":{"0":"post-64404","1":"post","2":"type-post","3":"status-publish","4":"format-standard","5":"has-post-thumbnail","7":"category-aktualitet","8":"category-te-fundit","9":"tag-ja-dyshimet","10":"tag-lajm-i-fundit-gjendet-i-vetevrare-52-vjecari-ne-progonat"},"_links":{"self":[{"href":"https:\/\/jugulajm.net\/index.php?rest_route=\/wp\/v2\/posts\/64404","targetHints":{"allow":["GET"]}}],"collection":[{"href":"https:\/\/jugulajm.net\/index.php?rest_route=\/wp\/v2\/posts"}],"about":[{"href":"https:\/\/jugulajm.net\/index.php?rest_route=\/wp\/v2\/types\/post"}],"author":[{"embeddable":true,"href":"https:\/\/jugulajm.net\/index.php?rest_route=\/wp\/v2\/users\/5"}],"replies":[{"embeddable":true,"href":"https:\/\/jugulajm.net\/index.php?rest_route=%2Fwp%2Fv2%2Fcomments&post=64404"}],"version-history":[{"count":0,"href":"https:\/\/jugulajm.net\/index.php?rest_route=\/wp\/v2\/posts\/64404\/revisions"}],"wp:featuredmedia":[{"embeddable":true,"href":"https:\/\/jugulajm.net\/index.php?rest_route=\/wp\/v2\/media\/64316"}],"wp:attachment":[{"href":"https:\/\/jugulajm.net\/index.php?rest_route=%2Fwp%2Fv2%2Fmedia&parent=64404"}],"wp:term":[{"taxonomy":"category","embeddable":true,"href":"https:\/\/jugulajm.net\/index.php?rest_route=%2Fwp%2Fv2%2Fcategories&post=64404"},{"taxonomy":"post_tag","embeddable":true,"href":"https:\/\/jugulajm.net\/index.php?rest_route=%2Fwp%2Fv2%2Ftags&post=64404"}],"curies":[{"name":"wp","href":"https:\/\/api.w.org\/{rel}","templated":true}]}}