{"id":64399,"date":"2023-08-27T16:20:21","date_gmt":"2023-08-27T14:20:21","guid":{"rendered":"https:\/\/jugulajm.net\/?p=64399"},"modified":"2023-08-27T16:20:21","modified_gmt":"2023-08-27T14:20:21","slug":"emrat-prangoset-delvinjoti-25-vjecar-plagosi-40-vjecarin-sarandjot","status":"publish","type":"post","link":"https:\/\/jugulajm.net\/?p=64399","title":{"rendered":"EMRAT\/ Prangoset delvinjoti 25-vje\u00e7ar, plagosi 40-vje\u00e7arin sarandjot"},"content":{"rendered":"<p>Nj\u00eb 25-vje\u00e7ar ka r\u00ebn\u00eb n\u00eb prangat e Policis\u00eb s\u00eb Sarand\u00ebs, pasi ishte shpallur n\u00eb k\u00ebrkim p\u00ebr plagosjen e nj\u00eb 40-vje\u00e7ari me thik\u00eb.<\/p>\n<p>Lajmin e b\u00ebri t\u00eb ditur Policia p\u00ebrmes nj\u00eb njoftimi, ku thuhet se i riu u arrestua n\u00eb kuad\u00ebr t\u00eb operacionit \u201cWanted\u201d.<\/p>\n<p>Gjithashtu sipas burimeve, b\u00ebhet me dije se shtetasi i arrestuar \u00ebsht\u00eb Jani Rraku, nd\u00ebrsa i plagosuri, Erion Xhuvani.<\/p>\n<p>Nd\u00ebrkoh\u00eb materialet procedurale i kaluan Prokuroris\u00eb pran\u00eb Gjykat\u00ebs s\u00eb Shkall\u00ebs s\u00eb Par\u00eb t\u00eb Juridiksionit t\u00eb P\u00ebrgjithsh\u00ebm Sarand\u00eb, p\u00ebr veprime t\u00eb m\u00ebtejshme.<\/p>\n<p><strong>Reagimi i Policis\u00eb:<\/strong><\/p>\n<p>Sarand\u00eb\/Finalizohet operacioni policor i koduar \u201c\u00cbanted\u201d, p\u00ebr lokalizimin dhe ndalimin e nj\u00eb shtetasi t\u00eb shpallur n\u00eb k\u00ebrkim.<\/p>\n<p>Plagosi me mjet prer\u00ebs (thik\u00eb), nj\u00eb 40-vje\u00e7ar, p\u00ebr shkak t\u00eb nj\u00eb konflikti t\u00eb \u00e7astit, t\u00eb ndodhur nd\u00ebrmjet tyre, n\u00eb sh\u00ebtitoren e Sarand\u00ebs, vihet n\u00eb pranga 25-vje\u00e7ari.<\/p>\n<p>Sh\u00ebrbimet e Komisariatit t\u00eb Policis\u00eb Sarand\u00eb,\u00a0 n\u00eb baz\u00eb t\u00eb informacioneve t\u00eb siguruara nga inteligjenca policore, p\u00ebr vendndodhjen e nj\u00eb shtetasi t\u00eb shpallur n\u00eb k\u00ebrkim p\u00ebr plagosje, kan\u00eb finalizuar operacionin policor t\u00eb koduar \u201c\u00cbanted\u201d, si rezultat i t\u00eb cilit u lokalizua, u kap dhe u vu n\u00eb pranga shtetasi J. Rr., 25 vje\u00e7, banues n\u00eb Kalas\u00eb, Delvin\u00eb.<\/p>\n<p>25-vje\u00e7ari ishte shpallur n\u00eb k\u00ebrkim policor p\u00ebr plagosje dhe mbajtje t\u00eb arm\u00ebve t\u00eb ftohta, pasi dyshohet se p\u00ebr shkak t\u00eb nj\u00eb konflikti t\u00eb \u00e7astit, t\u00eb ndodhur n\u00eb sh\u00ebtitoren e Sarand\u00ebs, ky shtetas ka plagosur me mjet prer\u00ebs (thik\u00eb), shtetasin E. Xh., 40 vje\u00e7, banues n\u00eb Sarand\u00eb, i cili \u00ebsht\u00eb jasht\u00eb rrezikut p\u00ebr jet\u00ebn.<\/p>\n<p>Materialet procedurale i kaluan Prokuroris\u00eb pran\u00eb Gjykat\u00ebs s\u00eb Shkall\u00ebs s\u00eb Par\u00eb t\u00eb Juridiksionit t\u00eb P\u00ebrgjithsh\u00ebm Sarand\u00eb, p\u00ebr veprime t\u00eb m\u00ebtejshme.<\/p>\n","protected":false},"excerpt":{"rendered":"<p>Nj\u00eb 25-vje\u00e7ar ka r\u00ebn\u00eb n\u00eb prangat e Policis\u00eb s\u00eb Sarand\u00ebs, pasi ishte shpallur n\u00eb k\u00ebrkim p\u00ebr plagosjen e nj\u00eb 40-vje\u00e7ari me thik\u00eb. Lajmin e b\u00ebri t\u00eb ditur Policia p\u00ebrmes nj\u00eb njoftimi, ku thuhet se i riu u arrestua n\u00eb kuad\u00ebr t\u00eb operacionit \u201cWanted\u201d. Gjithashtu sipas burimeve, b\u00ebhet me dije se shtetasi i arrestuar \u00ebsht\u00eb Jani [&hellip;]<\/p>\n","protected":false},"author":5,"featured_media":51993,"comment_status":"closed","ping_status":"closed","sticky":false,"template":"","format":"standard","meta":{"footnotes":""},"categories":[1,6332],"tags":[25917,25918],"class_list":{"0":"post-64399","1":"post","2":"type-post","3":"status-publish","4":"format-standard","5":"has-post-thumbnail","7":"category-aktualitet","8":"category-te-fundit","9":"tag-emrat-prangoset-delvinjoti-25-vjecar","10":"tag-plagosi-40-vjecarin-sarandjot"},"_links":{"self":[{"href":"https:\/\/jugulajm.net\/index.php?rest_route=\/wp\/v2\/posts\/64399","targetHints":{"allow":["GET"]}}],"collection":[{"href":"https:\/\/jugulajm.net\/index.php?rest_route=\/wp\/v2\/posts"}],"about":[{"href":"https:\/\/jugulajm.net\/index.php?rest_route=\/wp\/v2\/types\/post"}],"author":[{"embeddable":true,"href":"https:\/\/jugulajm.net\/index.php?rest_route=\/wp\/v2\/users\/5"}],"replies":[{"embeddable":true,"href":"https:\/\/jugulajm.net\/index.php?rest_route=%2Fwp%2Fv2%2Fcomments&post=64399"}],"version-history":[{"count":0,"href":"https:\/\/jugulajm.net\/index.php?rest_route=\/wp\/v2\/posts\/64399\/revisions"}],"wp:featuredmedia":[{"embeddable":true,"href":"https:\/\/jugulajm.net\/index.php?rest_route=\/wp\/v2\/media\/51993"}],"wp:attachment":[{"href":"https:\/\/jugulajm.net\/index.php?rest_route=%2Fwp%2Fv2%2Fmedia&parent=64399"}],"wp:term":[{"taxonomy":"category","embeddable":true,"href":"https:\/\/jugulajm.net\/index.php?rest_route=%2Fwp%2Fv2%2Fcategories&post=64399"},{"taxonomy":"post_tag","embeddable":true,"href":"https:\/\/jugulajm.net\/index.php?rest_route=%2Fwp%2Fv2%2Ftags&post=64399"}],"curies":[{"name":"wp","href":"https:\/\/api.w.org\/{rel}","templated":true}]}}