{"id":64390,"date":"2023-08-27T13:07:12","date_gmt":"2023-08-27T11:07:12","guid":{"rendered":"https:\/\/jugulajm.net\/?p=64390"},"modified":"2023-08-27T13:08:16","modified_gmt":"2023-08-27T11:08:16","slug":"itali-shqiptari-kercenon-se-do-hidhet-nga-ballkoni-dhe","status":"publish","type":"post","link":"https:\/\/jugulajm.net\/?p=64390","title":{"rendered":"Itali\/ Shqiptari k\u00ebrc\u00ebnon se do hidhet nga ballkoni dhe&#8230;"},"content":{"rendered":"<p>Pas 18 or\u00ebsh negociatash, Erald P. 38 vje\u00e7, me origjin\u00eb shqiptare, pak pas or\u00ebs 9 t\u00eb m\u00ebngjesit t\u00eb sot\u00ebm hapi vullnetarisht der\u00ebn e sht\u00ebpis\u00eb s\u00eb tij dhe iu dor\u00ebzua karabinier\u00ebve.<\/p>\n<p>Ai ishte mbyllur n\u00eb sht\u00ebpi q\u00eb nga ora 12 e dit\u00ebs s\u00eb djeshme p\u00ebr t\u00eb shmangur d\u00ebrgimin n\u00eb psikiatri pas k\u00ebrkes\u00ebs s\u00eb prind\u00ebrve t\u00eb tij.<\/p>\n<p>Burri, me patologji t\u00eb r\u00ebnda psikiatrike, prej dy muajsh kishte nd\u00ebrprer\u00eb ila\u00e7et dhe kjo e kishte shtyr\u00eb t\u00eb b\u00ebnte gjeste k\u00ebrc\u00ebnimi ndaj kujtdo, duke filluar nga prind\u00ebrit e tij, t\u00eb cil\u00ebt i kishte rrahur disa her\u00eb<\/p>\n<p>Ai qarkulloi me nj\u00eb \u00e7eki\u00e7 dhe nj\u00eb thik\u00eb si dhe nj\u00eb bidon benzin\u00eb. Dit\u00ebn e djeshme, ai u mbyll n\u00eb sht\u00ebpi duke k\u00ebrc\u00ebnuar se do t\u00eb hidhej nga ballkoni ose do t\u2019i vinte flak\u00ebn t\u00eb gjith\u00eb godin\u00ebs.<\/p>\n<div id=\"advads-664048642\" class=\"advads-credins mobcredins\">Pasi m\u00eb n\u00eb fund hapi der\u00ebn, ai u d\u00ebrgua n\u00eb spital.<\/div>\n<div><\/div>\n<div>N\u00eb t\u00eb kaluar\u00ebn, burri kishte k\u00ebrc\u00ebnuar tashm\u00eb qiramarr\u00ebsit se do t\u2019i vinte zjarrin nd\u00ebrtes\u00ebs. M\u00eb pas kishte l\u00ebn\u00eb shkrime k\u00ebrc\u00ebnuese kudo n\u00eb godin\u00eb, n\u00eb shkall\u00eb, bidona benzin\u00eb ishin gjetur p\u00ebrreth nd\u00ebrtes\u00ebs.<\/div>\n","protected":false},"excerpt":{"rendered":"<p>Pas 18 or\u00ebsh negociatash, Erald P. 38 vje\u00e7, me origjin\u00eb shqiptare, pak pas or\u00ebs 9 t\u00eb m\u00ebngjesit t\u00eb sot\u00ebm hapi vullnetarisht der\u00ebn e sht\u00ebpis\u00eb s\u00eb tij dhe iu dor\u00ebzua karabinier\u00ebve. Ai ishte mbyllur n\u00eb sht\u00ebpi q\u00eb nga ora 12 e dit\u00ebs s\u00eb djeshme p\u00ebr t\u00eb shmangur d\u00ebrgimin n\u00eb psikiatri pas k\u00ebrkes\u00ebs s\u00eb prind\u00ebrve t\u00eb tij. [&hellip;]<\/p>\n","protected":false},"author":5,"featured_media":0,"comment_status":"closed","ping_status":"closed","sticky":false,"template":"","format":"standard","meta":{"footnotes":""},"categories":[1,6332],"tags":[25913],"class_list":{"0":"post-64390","1":"post","2":"type-post","3":"status-publish","4":"format-standard","6":"category-aktualitet","7":"category-te-fundit","8":"tag-itali-shqiptari-kercenon-se-do-hidhet-nga-ballkoni-dhe"},"_links":{"self":[{"href":"https:\/\/jugulajm.net\/index.php?rest_route=\/wp\/v2\/posts\/64390","targetHints":{"allow":["GET"]}}],"collection":[{"href":"https:\/\/jugulajm.net\/index.php?rest_route=\/wp\/v2\/posts"}],"about":[{"href":"https:\/\/jugulajm.net\/index.php?rest_route=\/wp\/v2\/types\/post"}],"author":[{"embeddable":true,"href":"https:\/\/jugulajm.net\/index.php?rest_route=\/wp\/v2\/users\/5"}],"replies":[{"embeddable":true,"href":"https:\/\/jugulajm.net\/index.php?rest_route=%2Fwp%2Fv2%2Fcomments&post=64390"}],"version-history":[{"count":0,"href":"https:\/\/jugulajm.net\/index.php?rest_route=\/wp\/v2\/posts\/64390\/revisions"}],"wp:attachment":[{"href":"https:\/\/jugulajm.net\/index.php?rest_route=%2Fwp%2Fv2%2Fmedia&parent=64390"}],"wp:term":[{"taxonomy":"category","embeddable":true,"href":"https:\/\/jugulajm.net\/index.php?rest_route=%2Fwp%2Fv2%2Fcategories&post=64390"},{"taxonomy":"post_tag","embeddable":true,"href":"https:\/\/jugulajm.net\/index.php?rest_route=%2Fwp%2Fv2%2Ftags&post=64390"}],"curies":[{"name":"wp","href":"https:\/\/api.w.org\/{rel}","templated":true}]}}