{"id":64367,"date":"2023-08-23T14:55:34","date_gmt":"2023-08-23T12:55:34","guid":{"rendered":"https:\/\/jugulajm.net\/?p=64367"},"modified":"2023-08-23T14:55:34","modified_gmt":"2023-08-23T12:55:34","slug":"zjarret-greqia-refuzoi-ndihmen-e-shqiperise-ja-arsyeja","status":"publish","type":"post","link":"https:\/\/jugulajm.net\/?p=64367","title":{"rendered":"Zjarret\/ Greqia refuzoi ndihm\u00ebn e Shqip\u00ebris\u00eb, ja arsyeja&#8230;"},"content":{"rendered":"<p>Refuzimi i ndihm\u00ebs s\u00eb Shqip\u00ebris\u00eb nga Greqia p\u00ebr fatkeq\u00ebsin\u00eb me zjarret q\u00eb ka mb\u00ebrthyer shtetin fqinj \u00ebsht\u00eb konfirmuar tashm\u00eb edhe nga Ministria e Mbrojtjes.<\/p>\n<p>N\u00eb nj\u00eb postim n\u00eb rrjetin social Facebook, ministri i mbrojtjes, Niko Peleshi shkruan se Shqip\u00ebria ka treguar gatishm\u00ebrin\u00eb e menj\u00ebhershme pas k\u00ebrkes\u00ebs p\u00ebr ndihm\u00eb t\u00eb d\u00ebrguar nga Greqia n\u00eb Mekanizmin Europian t\u00eb Mbrojtjes Civile, por \u00ebsht\u00eb refuzuar.<\/p>\n<p>\u201cNj\u00eb ekip me 58 efektiv\u00eb dhe 10 mjete nga Forcat e Armatosura dhe strukturat e tjera operative t\u00eb Sistemit t\u00eb Mbrojtjes Civile Shqiptare, m\u00eb konkretisht, strukturat zjarrfik\u00ebse nga Bashkia Kor\u00e7\u00eb, Dropull, Maliq dhe Gjirokast\u00ebr u dislokuan n\u00eb af\u00ebrsi t\u00eb shtetit fqinj, n\u00eb ndihm\u00eb t\u00eb koleg\u00ebve grek\u00eb, n\u00eb pritje t\u00eb konfirmimit nga pala greke p\u00ebr nd\u00ebrhyrje n\u00eb zonat ku ata kan\u00eb nevoj\u00eb,\u201d shpjegoi Peleshi n\u00eb postim.<\/p>\n<p>\u201cNd\u00ebrkoh\u00eb, pas k\u00ebsaj, nga pala greke jemi njoftuar se nuk \u00ebsht\u00eb m\u00eb e nevojshme nd\u00ebrhyrja me modulet tok\u00ebsore t\u00eb ofruar nga Shqip\u00ebria p\u00ebr shkak se ato jan\u00eb plot\u00ebsuar nga vende t\u00eb tjera,\u201d informon ministri.<\/p>\n<p>Sakaq shpreh ngush\u00ebllimet p\u00ebr familjet e viktimave t\u00eb tragjedis\u00eb, ku humb\u00ebn jet\u00ebn 18 persona, t\u00eb dyshuar si emigrant\u00eb.<\/p>\n","protected":false},"excerpt":{"rendered":"<p>Refuzimi i ndihm\u00ebs s\u00eb Shqip\u00ebris\u00eb nga Greqia p\u00ebr fatkeq\u00ebsin\u00eb me zjarret q\u00eb ka mb\u00ebrthyer shtetin fqinj \u00ebsht\u00eb konfirmuar tashm\u00eb edhe nga Ministria e Mbrojtjes. N\u00eb nj\u00eb postim n\u00eb rrjetin social Facebook, ministri i mbrojtjes, Niko Peleshi shkruan se Shqip\u00ebria ka treguar gatishm\u00ebrin\u00eb e menj\u00ebhershme pas k\u00ebrkes\u00ebs p\u00ebr ndihm\u00eb t\u00eb d\u00ebrguar nga Greqia n\u00eb Mekanizmin Europian [&hellip;]<\/p>\n","protected":false},"author":5,"featured_media":62864,"comment_status":"closed","ping_status":"closed","sticky":false,"template":"","format":"standard","meta":{"footnotes":""},"categories":[1,6332],"tags":[20856,25899],"class_list":{"0":"post-64367","1":"post","2":"type-post","3":"status-publish","4":"format-standard","5":"has-post-thumbnail","7":"category-aktualitet","8":"category-te-fundit","9":"tag-ja-arsyeja","10":"tag-zjarret-greqia-refuzoi-ndihmen-e-shqiperise"},"_links":{"self":[{"href":"https:\/\/jugulajm.net\/index.php?rest_route=\/wp\/v2\/posts\/64367","targetHints":{"allow":["GET"]}}],"collection":[{"href":"https:\/\/jugulajm.net\/index.php?rest_route=\/wp\/v2\/posts"}],"about":[{"href":"https:\/\/jugulajm.net\/index.php?rest_route=\/wp\/v2\/types\/post"}],"author":[{"embeddable":true,"href":"https:\/\/jugulajm.net\/index.php?rest_route=\/wp\/v2\/users\/5"}],"replies":[{"embeddable":true,"href":"https:\/\/jugulajm.net\/index.php?rest_route=%2Fwp%2Fv2%2Fcomments&post=64367"}],"version-history":[{"count":0,"href":"https:\/\/jugulajm.net\/index.php?rest_route=\/wp\/v2\/posts\/64367\/revisions"}],"wp:featuredmedia":[{"embeddable":true,"href":"https:\/\/jugulajm.net\/index.php?rest_route=\/wp\/v2\/media\/62864"}],"wp:attachment":[{"href":"https:\/\/jugulajm.net\/index.php?rest_route=%2Fwp%2Fv2%2Fmedia&parent=64367"}],"wp:term":[{"taxonomy":"category","embeddable":true,"href":"https:\/\/jugulajm.net\/index.php?rest_route=%2Fwp%2Fv2%2Fcategories&post=64367"},{"taxonomy":"post_tag","embeddable":true,"href":"https:\/\/jugulajm.net\/index.php?rest_route=%2Fwp%2Fv2%2Ftags&post=64367"}],"curies":[{"name":"wp","href":"https:\/\/api.w.org\/{rel}","templated":true}]}}