{"id":64299,"date":"2023-08-22T12:01:45","date_gmt":"2023-08-22T10:01:45","guid":{"rendered":"https:\/\/jugulajm.net\/?p=64299"},"modified":"2023-08-22T12:05:11","modified_gmt":"2023-08-22T10:05:11","slug":"emri-identifikohet-i-riu-qe-fluturoi-me-bmw-policia-se-shpall-ne-kerkim","status":"publish","type":"post","link":"https:\/\/jugulajm.net\/?p=64299","title":{"rendered":"EMRI\/ Identifikohet i riu q\u00eb fluturoi me BMW, policia s\u2019e shpall n\u00eb k\u00ebrkim"},"content":{"rendered":"<p>Policia e Tiran\u00ebs ka identifikuar drejtuesin e makin\u00ebs luksoze \u201cBMWX6\u201d i cili fluturoi tek diga e liqenit si pasoj\u00eb e shpejt\u00ebsis\u00eb s\u00eb madhe me t\u00eb cil\u00ebn po l\u00ebvizte.<\/p>\n<p>Ngjarja ndodhi n\u00eb or\u00ebt e para t\u00eb m\u00ebngjesit.<\/p>\n<p>I riu, q\u00eb sipas policis\u00eb \u00ebsht\u00eb 26-vje\u00e7ari Eldi Allushi nga Durr\u00ebsi arriti q\u00eb t\u00eb dilte nga makina, mori targat dhe dokumentacionin brenda, duke u zhdukur pa gjurm\u00eb p\u00ebr t\u2019i shp\u00ebtuar policis\u00eb.<\/p>\n<p>Policia n\u00eb njoftimin zyrtar nuk thekson n\u00ebse e ka shpallur n\u00eb k\u00ebrkim p\u00ebr dy veprat penale q\u00eb e akuzon.<\/p>\n<p><em>&#8220;M\u00eb dat\u00eb 22.08.2023, rreth or\u00ebs 05:15, n\u00eb Rrug\u00ebn e Kosovar\u00ebve, dyshohet se automjeti tip &#8220;BMW&#8221; me drejtues shtetasin E. A., 26 vje\u00e7, banues n\u00eb Durr\u00ebs, ka dal\u00eb jasht\u00eb rruge dhe \u00ebsht\u00eb ngjitur n\u00eb skarpatin e dig\u00ebs s\u00eb liqenit, m\u00eb pas \u00ebsht\u00eb p\u00ebrplasur me bordur\u00ebn mbrojt\u00ebse an\u00ebs liqenit.<\/em><\/p>\n<div id=\"rekl-13\">\n<div id=\"__sap-ad-15\" class=\"__sap-ads __sap-html tracked\" data-title=\"Credins desktop Brenda lajmit 08\"><em>Drejtuesi ka braktisur automjetin dhe \u00ebsht\u00eb larguar nga vendi i aksidentit.\u00a0 \u00a0\u00a0<\/em><\/div>\n<\/div>\n<div id=\"rekl-57\"><\/div>\n<p><em>Materialet procedurale do t\u2019i kalojn\u00eb Prokuroris\u00eb pran\u00eb Gjykat\u00ebs s\u00eb Shkall\u00ebs s\u00eb Par\u00eb t\u00eb Juridiksionit t\u00eb P\u00ebrgjithsh\u00ebm Tiran\u00eb, p\u00ebr veprime t\u00eb m\u00ebtejshme procedurale, p\u00ebr veprat penale &#8220;Shkat\u00ebrrimi i pron\u00ebs&#8221; dhe &#8220;Largimi nga vendi i aksidentit&#8221;,<\/em>\u00a0njofton policia.<\/p>\n","protected":false},"excerpt":{"rendered":"<p>Policia e Tiran\u00ebs ka identifikuar drejtuesin e makin\u00ebs luksoze \u201cBMWX6\u201d i cili fluturoi tek diga e liqenit si pasoj\u00eb e shpejt\u00ebsis\u00eb s\u00eb madhe me t\u00eb cil\u00ebn po l\u00ebvizte. Ngjarja ndodhi n\u00eb or\u00ebt e para t\u00eb m\u00ebngjesit. I riu, q\u00eb sipas policis\u00eb \u00ebsht\u00eb 26-vje\u00e7ari Eldi Allushi nga Durr\u00ebsi arriti q\u00eb t\u00eb dilte nga makina, mori targat [&hellip;]<\/p>\n","protected":false},"author":5,"featured_media":64300,"comment_status":"closed","ping_status":"closed","sticky":false,"template":"","format":"standard","meta":{"footnotes":""},"categories":[1,6332],"tags":[25864,25865],"class_list":{"0":"post-64299","1":"post","2":"type-post","3":"status-publish","4":"format-standard","5":"has-post-thumbnail","7":"category-aktualitet","8":"category-te-fundit","9":"tag-emri-identifikohet-i-riu-qe-fluturoi-me-bmw","10":"tag-policia-se-shpall-ne-kerkim"},"_links":{"self":[{"href":"https:\/\/jugulajm.net\/index.php?rest_route=\/wp\/v2\/posts\/64299","targetHints":{"allow":["GET"]}}],"collection":[{"href":"https:\/\/jugulajm.net\/index.php?rest_route=\/wp\/v2\/posts"}],"about":[{"href":"https:\/\/jugulajm.net\/index.php?rest_route=\/wp\/v2\/types\/post"}],"author":[{"embeddable":true,"href":"https:\/\/jugulajm.net\/index.php?rest_route=\/wp\/v2\/users\/5"}],"replies":[{"embeddable":true,"href":"https:\/\/jugulajm.net\/index.php?rest_route=%2Fwp%2Fv2%2Fcomments&post=64299"}],"version-history":[{"count":0,"href":"https:\/\/jugulajm.net\/index.php?rest_route=\/wp\/v2\/posts\/64299\/revisions"}],"wp:featuredmedia":[{"embeddable":true,"href":"https:\/\/jugulajm.net\/index.php?rest_route=\/wp\/v2\/media\/64300"}],"wp:attachment":[{"href":"https:\/\/jugulajm.net\/index.php?rest_route=%2Fwp%2Fv2%2Fmedia&parent=64299"}],"wp:term":[{"taxonomy":"category","embeddable":true,"href":"https:\/\/jugulajm.net\/index.php?rest_route=%2Fwp%2Fv2%2Fcategories&post=64299"},{"taxonomy":"post_tag","embeddable":true,"href":"https:\/\/jugulajm.net\/index.php?rest_route=%2Fwp%2Fv2%2Ftags&post=64299"}],"curies":[{"name":"wp","href":"https:\/\/api.w.org\/{rel}","templated":true}]}}