{"id":64287,"date":"2023-08-22T09:36:02","date_gmt":"2023-08-22T07:36:02","guid":{"rendered":"https:\/\/jugulajm.net\/?p=64287"},"modified":"2023-08-22T09:39:56","modified_gmt":"2023-08-22T07:39:56","slug":"lajm-i-fundit-foto-bmw-aksidentohet-shoferi-merr-targat-dhe-ja-fut-vrapit","status":"publish","type":"post","link":"https:\/\/jugulajm.net\/?p=64287","title":{"rendered":"LAJM I FUNDIT\/ FOTO\/ BMW aksidentohet, shoferi merr targat dhe ja fut vrapit"},"content":{"rendered":"<p>Nj\u00eb ngjarje misterioze ka ndodhur n\u00eb dig\u00ebn e Liqenit Artificial n\u00eb Tiran\u00eb.<\/p>\n<p>M\u00ebngjesin e sot\u00ebm, policia ka gjetur n\u00eb zon\u00ebn e autorizuar vet\u00ebm p\u00ebr k\u00ebmb\u00ebsor\u00eb, mjetin luksoz tip &#8216;BMW&#8217; t\u00eb shkat\u00ebrruar.<\/p>\n<p>Si\u00e7 shihet nga foto makina, e cila nuk ka targa, \u00ebsht\u00eb b\u00ebr\u00eb copash, nd\u00ebrsa gomat jan\u00eb shkat\u00ebrruar.<\/p>\n<p>Brenda mjetit nuk \u00ebsht\u00eb gjetur asnjeri, duke l\u00ebn\u00eb t\u00eb dyshohet se drejtuesi i saj \u00ebsht\u00eb larguar.<\/p>\n<p>Makina ka ardhur nga rruga posht\u00eb dig\u00ebs dhe p\u00ebr shkak t\u00eb shpejt\u00ebsis\u00eb ajo ka fluturuar n\u00eb dig\u00eb duke u p\u00ebrplasur n\u00eb murin mbrojt\u00ebs t\u00eb dig\u00ebs.<\/p>\n<p>Dyshohet se drejtuesi i mjetit ka marr\u00eb targ\u00ebn dhe \u00ebsht\u00eb larguar.<\/p>\n<p>Ende nuk dihet se sa persona kan\u00eb qen\u00eb n\u00eb automjet, e sesi ka ndodhur ngjarja.<\/p>\n<p>Pritet q\u00eb n\u00eb or\u00ebt n\u00eb vijim t\u00eb ket\u00eb m\u00eb shum\u00eb detaje rreth k\u00ebsaj ngjarje.<\/p>\n","protected":false},"excerpt":{"rendered":"<p>Nj\u00eb ngjarje misterioze ka ndodhur n\u00eb dig\u00ebn e Liqenit Artificial n\u00eb Tiran\u00eb. M\u00ebngjesin e sot\u00ebm, policia ka gjetur n\u00eb zon\u00ebn e autorizuar vet\u00ebm p\u00ebr k\u00ebmb\u00ebsor\u00eb, mjetin luksoz tip &#8216;BMW&#8217; t\u00eb shkat\u00ebrruar. Si\u00e7 shihet nga foto makina, e cila nuk ka targa, \u00ebsht\u00eb b\u00ebr\u00eb copash, nd\u00ebrsa gomat jan\u00eb shkat\u00ebrruar. Brenda mjetit nuk \u00ebsht\u00eb gjetur asnjeri, duke [&hellip;]<\/p>\n","protected":false},"author":5,"featured_media":64288,"comment_status":"closed","ping_status":"closed","sticky":false,"template":"","format":"standard","meta":{"footnotes":""},"categories":[1,6332],"tags":[25860,25861],"class_list":{"0":"post-64287","1":"post","2":"type-post","3":"status-publish","4":"format-standard","5":"has-post-thumbnail","7":"category-aktualitet","8":"category-te-fundit","9":"tag-lajm-i-fundit-foto-bmw-aksidentohet","10":"tag-shoferi-merr-targat-dhe-ja-fut-vrapit"},"_links":{"self":[{"href":"https:\/\/jugulajm.net\/index.php?rest_route=\/wp\/v2\/posts\/64287","targetHints":{"allow":["GET"]}}],"collection":[{"href":"https:\/\/jugulajm.net\/index.php?rest_route=\/wp\/v2\/posts"}],"about":[{"href":"https:\/\/jugulajm.net\/index.php?rest_route=\/wp\/v2\/types\/post"}],"author":[{"embeddable":true,"href":"https:\/\/jugulajm.net\/index.php?rest_route=\/wp\/v2\/users\/5"}],"replies":[{"embeddable":true,"href":"https:\/\/jugulajm.net\/index.php?rest_route=%2Fwp%2Fv2%2Fcomments&post=64287"}],"version-history":[{"count":0,"href":"https:\/\/jugulajm.net\/index.php?rest_route=\/wp\/v2\/posts\/64287\/revisions"}],"wp:featuredmedia":[{"embeddable":true,"href":"https:\/\/jugulajm.net\/index.php?rest_route=\/wp\/v2\/media\/64288"}],"wp:attachment":[{"href":"https:\/\/jugulajm.net\/index.php?rest_route=%2Fwp%2Fv2%2Fmedia&parent=64287"}],"wp:term":[{"taxonomy":"category","embeddable":true,"href":"https:\/\/jugulajm.net\/index.php?rest_route=%2Fwp%2Fv2%2Fcategories&post=64287"},{"taxonomy":"post_tag","embeddable":true,"href":"https:\/\/jugulajm.net\/index.php?rest_route=%2Fwp%2Fv2%2Ftags&post=64287"}],"curies":[{"name":"wp","href":"https:\/\/api.w.org\/{rel}","templated":true}]}}