{"id":64267,"date":"2023-08-21T21:05:27","date_gmt":"2023-08-21T19:05:27","guid":{"rendered":"https:\/\/jugulajm.net\/?p=64267"},"modified":"2023-08-21T21:08:19","modified_gmt":"2023-08-21T19:08:19","slug":"balla-zjarrvenia-denohet-deri-ne-15-vite-burg","status":"publish","type":"post","link":"https:\/\/jugulajm.net\/?p=64267","title":{"rendered":"Balla: Zjarrv\u00ebnia d\u00ebnohet deri n\u00eb 15 vite burg"},"content":{"rendered":"<p>Ministri i Brendsh\u00ebm Taulant Balla, p\u00ebrsh\u00ebndet Policin\u00eb e Shtetit e cila ka b\u00ebr\u00eb t\u00eb mundur arrestimin e dy personave t\u00eb cil\u00ebt n\u00eb m\u00ebnyr\u00eb t\u00eb q\u00ebllimshme i kan\u00eb v\u00ebn\u00eb zjarrin nj\u00eb masivi pyjor n\u00eb malin Partizan n\u00eb Berat.<\/p>\n<p>P\u00ebrmes nj\u00eb postimi n\u00eb rrjetet sociale Balla \u00ebsht\u00eb shprehur se zjarrv\u00ebnia cil\u00ebsohet vep\u00ebr e r\u00ebnd\u00eb penale dhe d\u00ebnohet deri n\u00eb 15 vite heqje lirie.<\/p>\n<p><em>\u201cDje u b\u00ebn\u00eb publike n\u00eb mediat komb\u00ebtare pamjet e momentit kur dy persona i vendosin zjarrin n\u00eb m\u00ebnyr\u00eb t\u00eb q\u00ebllimshme nj\u00eb masivi pyjor n\u00eb malin Partizan. Sot Policia e Shtetit ka arritur t\u00eb identifikoj\u00eb dy zjarrv\u00ebn\u00ebsit, t\u2019i arrestoj\u00eb dhe po vijon pun\u00ebn p\u00ebr dokumentimin e d\u00ebmeve t\u00eb shkaktuara mjedisore, pron\u00ebs private dhe publike. KUJTES\u00cb! \u00cbsht\u00eb vep\u00ebr e r\u00ebnd\u00eb penale zjarrv\u00ebnia me d\u00ebnime q\u00eb shkojn\u00eb deri n\u00eb 15 vite heqje lirie\u201d,<\/em> shkruan Balla.<\/p>\n","protected":false},"excerpt":{"rendered":"<p>Ministri i Brendsh\u00ebm Taulant Balla, p\u00ebrsh\u00ebndet Policin\u00eb e Shtetit e cila ka b\u00ebr\u00eb t\u00eb mundur arrestimin e dy personave t\u00eb cil\u00ebt n\u00eb m\u00ebnyr\u00eb t\u00eb q\u00ebllimshme i kan\u00eb v\u00ebn\u00eb zjarrin nj\u00eb masivi pyjor n\u00eb malin Partizan n\u00eb Berat. P\u00ebrmes nj\u00eb postimi n\u00eb rrjetet sociale Balla \u00ebsht\u00eb shprehur se zjarrv\u00ebnia cil\u00ebsohet vep\u00ebr e r\u00ebnd\u00eb penale dhe d\u00ebnohet [&hellip;]<\/p>\n","protected":false},"author":5,"featured_media":62844,"comment_status":"closed","ping_status":"closed","sticky":false,"template":"","format":"standard","meta":{"footnotes":""},"categories":[1,6332],"tags":[25851],"class_list":{"0":"post-64267","1":"post","2":"type-post","3":"status-publish","4":"format-standard","5":"has-post-thumbnail","7":"category-aktualitet","8":"category-te-fundit","9":"tag-balla-zjarrvenia-denohet-deri-ne-15-vite-burg"},"_links":{"self":[{"href":"https:\/\/jugulajm.net\/index.php?rest_route=\/wp\/v2\/posts\/64267","targetHints":{"allow":["GET"]}}],"collection":[{"href":"https:\/\/jugulajm.net\/index.php?rest_route=\/wp\/v2\/posts"}],"about":[{"href":"https:\/\/jugulajm.net\/index.php?rest_route=\/wp\/v2\/types\/post"}],"author":[{"embeddable":true,"href":"https:\/\/jugulajm.net\/index.php?rest_route=\/wp\/v2\/users\/5"}],"replies":[{"embeddable":true,"href":"https:\/\/jugulajm.net\/index.php?rest_route=%2Fwp%2Fv2%2Fcomments&post=64267"}],"version-history":[{"count":0,"href":"https:\/\/jugulajm.net\/index.php?rest_route=\/wp\/v2\/posts\/64267\/revisions"}],"wp:featuredmedia":[{"embeddable":true,"href":"https:\/\/jugulajm.net\/index.php?rest_route=\/wp\/v2\/media\/62844"}],"wp:attachment":[{"href":"https:\/\/jugulajm.net\/index.php?rest_route=%2Fwp%2Fv2%2Fmedia&parent=64267"}],"wp:term":[{"taxonomy":"category","embeddable":true,"href":"https:\/\/jugulajm.net\/index.php?rest_route=%2Fwp%2Fv2%2Fcategories&post=64267"},{"taxonomy":"post_tag","embeddable":true,"href":"https:\/\/jugulajm.net\/index.php?rest_route=%2Fwp%2Fv2%2Ftags&post=64267"}],"curies":[{"name":"wp","href":"https:\/\/api.w.org\/{rel}","templated":true}]}}