{"id":64207,"date":"2023-08-20T22:21:08","date_gmt":"2023-08-20T20:21:08","guid":{"rendered":"https:\/\/jugulajm.net\/?p=64207"},"modified":"2023-08-20T22:21:08","modified_gmt":"2023-08-20T20:21:08","slug":"emrat-aksident-ne-shelegar-te-sarandes-ka-te-plagosur","status":"publish","type":"post","link":"https:\/\/jugulajm.net\/?p=64207","title":{"rendered":"EMRAT\/ Aksident n\u00eb Shelegar t\u00eb Sarand\u00ebs, ka t\u00eb plagosur"},"content":{"rendered":"<p>Nj\u00eb aksident rrugor ka ndodhur n\u00eb\u00a0 aksin Sarand\u00eb-Delvin\u00eb.<\/p>\n<p>Ngjarja m\u00ebsohet se ka ndodhur n\u00eb af\u00ebrsi t\u00eb fshatit Shelegar.<\/p>\n<p>Sipas informacioneve t\u00eb para b\u00ebhet me dije se jan\u00eb p\u00ebrplasur automjetet \u201cMercedes-Benz\u201d me targ\u00eb AA108FR me drejtues Zenel Tusha me mjetin tip \u201cMitsubishi\u201d me targe SR5883B me drejtues Elton Cela, 32 vjec.<\/p>\n<p>Si pasoj\u00eb kan\u00eb mbetur t\u00eb plagosur pasagjerja e mjetit \u201cMercedes-Benz\u201d, shtetasja Adife Tusha 63 vje\u00e7 dhe drejtuesi i mjetit \u201cMitsubishi\u201d nd\u00ebrsa shtetasi Elton Cela, 32 vje\u00e7.<\/p>\n<p>T\u00eb plagosurit po marrin ndihm\u00ebn e par\u00eb n\u00eb urgjenc\u00ebn e spitalit te Sarand\u00ebs.<\/p>\n<p>Policia ka nisur hetimet p\u00ebr ngjarjen.<\/p>\n","protected":false},"excerpt":{"rendered":"<p>Nj\u00eb aksident rrugor ka ndodhur n\u00eb\u00a0 aksin Sarand\u00eb-Delvin\u00eb. Ngjarja m\u00ebsohet se ka ndodhur n\u00eb af\u00ebrsi t\u00eb fshatit Shelegar. Sipas informacioneve t\u00eb para b\u00ebhet me dije se jan\u00eb p\u00ebrplasur automjetet \u201cMercedes-Benz\u201d me targ\u00eb AA108FR me drejtues Zenel Tusha me mjetin tip \u201cMitsubishi\u201d me targe SR5883B me drejtues Elton Cela, 32 vjec. Si pasoj\u00eb kan\u00eb mbetur t\u00eb [&hellip;]<\/p>\n","protected":false},"author":5,"featured_media":47878,"comment_status":"closed","ping_status":"closed","sticky":false,"template":"","format":"standard","meta":{"footnotes":""},"categories":[1,6332],"tags":[25821,20311],"class_list":{"0":"post-64207","1":"post","2":"type-post","3":"status-publish","4":"format-standard","5":"has-post-thumbnail","7":"category-aktualitet","8":"category-te-fundit","9":"tag-emrat-aksident-ne-shelegar-te-sarandes","10":"tag-ka-te-plagosur"},"_links":{"self":[{"href":"https:\/\/jugulajm.net\/index.php?rest_route=\/wp\/v2\/posts\/64207","targetHints":{"allow":["GET"]}}],"collection":[{"href":"https:\/\/jugulajm.net\/index.php?rest_route=\/wp\/v2\/posts"}],"about":[{"href":"https:\/\/jugulajm.net\/index.php?rest_route=\/wp\/v2\/types\/post"}],"author":[{"embeddable":true,"href":"https:\/\/jugulajm.net\/index.php?rest_route=\/wp\/v2\/users\/5"}],"replies":[{"embeddable":true,"href":"https:\/\/jugulajm.net\/index.php?rest_route=%2Fwp%2Fv2%2Fcomments&post=64207"}],"version-history":[{"count":0,"href":"https:\/\/jugulajm.net\/index.php?rest_route=\/wp\/v2\/posts\/64207\/revisions"}],"wp:featuredmedia":[{"embeddable":true,"href":"https:\/\/jugulajm.net\/index.php?rest_route=\/wp\/v2\/media\/47878"}],"wp:attachment":[{"href":"https:\/\/jugulajm.net\/index.php?rest_route=%2Fwp%2Fv2%2Fmedia&parent=64207"}],"wp:term":[{"taxonomy":"category","embeddable":true,"href":"https:\/\/jugulajm.net\/index.php?rest_route=%2Fwp%2Fv2%2Fcategories&post=64207"},{"taxonomy":"post_tag","embeddable":true,"href":"https:\/\/jugulajm.net\/index.php?rest_route=%2Fwp%2Fv2%2Ftags&post=64207"}],"curies":[{"name":"wp","href":"https:\/\/api.w.org\/{rel}","templated":true}]}}