{"id":64179,"date":"2023-08-20T15:51:11","date_gmt":"2023-08-20T13:51:11","guid":{"rendered":"https:\/\/jugulajm.net\/?p=64179"},"modified":"2023-08-20T15:51:11","modified_gmt":"2023-08-20T13:51:11","slug":"emri-foto-perdhunoi-12-vjecaren-shqiptare-denohet-me-burg-25-vjecari","status":"publish","type":"post","link":"https:\/\/jugulajm.net\/?p=64179","title":{"rendered":"EMRI-FOTO\/ P\u00ebrdhunoi 12-vje\u00e7aren shqiptare, d\u00ebnohet me burg 25-vje\u00e7ari"},"content":{"rendered":"<p>Nj\u00eb azilk\u00ebrkues afgan \u00ebsht\u00eb d\u00ebnuar me burg pasi p\u00ebrdhunoi dy her\u00eb nj\u00eb 12-vje\u00e7are shqiptare, raporton Daily Mail.<\/p>\n<p>Ngjarja e r\u00ebnd\u00eb u regjistrua n\u00eb nj\u00eb hotel azilant\u00ebsh n\u00eb Angli.<\/p>\n<p>12-vje\u00e7arja vulnerab\u00ebl u p\u00ebrdhunua nga 25-vje\u00e7ari Sakhdid Ahadi, i cili vazhdonte t\u00eb mashtronte p\u00ebr mosh\u00ebn e tij.<\/p>\n<p>Gjykata e d\u00ebnoi at\u00eb me 12 vite burg.<\/p>\n<p>Ahadi kishte k\u00ebrkuar azil n\u00eb Britani me pretendimin se ishte q\u00eblluar nga taliban\u00ebt kur kishte refuzuar t\u00eb rekrutohej n\u00eb ushtri. Sipas tij, taliban\u00ebt i kishin vrar\u00eb edhe babain.<\/p>\n<p>Vajza shqiptare dhe v\u00ebllai i saj ishin sjell\u00eb n\u00eb Britanin\u00eb e Madhe nga n\u00ebna e tyre dhe familja ishte akomoduar n\u00eb nj\u00eb hotel historik.<\/p>\n<p>Afgani pranoi fajin, por tha se kishte menduar se vajza ishte 19 vje\u00e7.<\/p>\n<p>Viktima e tij tha se ka p\u00ebsuar traum\u00eb t\u00eb r\u00ebnd\u00eb emocionale dhe tani qan gjith\u00eb koh\u00ebn. \u201cNuk m\u00eb z\u00eb gjumi nat\u00ebn dhe ndjej sikur dikush po m\u00eb ndjek\u201d.<\/p>\n<p>Kurse n\u00ebna e viktim\u00ebs tha: \u201cM\u00eb ra qielli n\u00eb kok\u00eb dhe m\u00eb shkat\u00ebrroi. Ne erdh\u00ebm n\u00eb k\u00ebt\u00eb vend p\u00ebr siguri dhe nuk doja kurr\u00eb q\u00eb di\u00e7ka e till\u00eb t\u2019u ndodhte f\u00ebmij\u00ebve t\u00eb mi\u201d.<\/p>\n","protected":false},"excerpt":{"rendered":"<p>Nj\u00eb azilk\u00ebrkues afgan \u00ebsht\u00eb d\u00ebnuar me burg pasi p\u00ebrdhunoi dy her\u00eb nj\u00eb 12-vje\u00e7are shqiptare, raporton Daily Mail. Ngjarja e r\u00ebnd\u00eb u regjistrua n\u00eb nj\u00eb hotel azilant\u00ebsh n\u00eb Angli. 12-vje\u00e7arja vulnerab\u00ebl u p\u00ebrdhunua nga 25-vje\u00e7ari Sakhdid Ahadi, i cili vazhdonte t\u00eb mashtronte p\u00ebr mosh\u00ebn e tij. Gjykata e d\u00ebnoi at\u00eb me 12 vite burg. Ahadi kishte [&hellip;]<\/p>\n","protected":false},"author":5,"featured_media":64180,"comment_status":"closed","ping_status":"closed","sticky":false,"template":"","format":"standard","meta":{"footnotes":""},"categories":[1,6332],"tags":[25809,25808],"class_list":{"0":"post-64179","1":"post","2":"type-post","3":"status-publish","4":"format-standard","5":"has-post-thumbnail","7":"category-aktualitet","8":"category-te-fundit","9":"tag-denohet-me-burg-25-vjecari","10":"tag-emri-foto-perdhunoi-12-vjecaren-shqiptare"},"_links":{"self":[{"href":"https:\/\/jugulajm.net\/index.php?rest_route=\/wp\/v2\/posts\/64179","targetHints":{"allow":["GET"]}}],"collection":[{"href":"https:\/\/jugulajm.net\/index.php?rest_route=\/wp\/v2\/posts"}],"about":[{"href":"https:\/\/jugulajm.net\/index.php?rest_route=\/wp\/v2\/types\/post"}],"author":[{"embeddable":true,"href":"https:\/\/jugulajm.net\/index.php?rest_route=\/wp\/v2\/users\/5"}],"replies":[{"embeddable":true,"href":"https:\/\/jugulajm.net\/index.php?rest_route=%2Fwp%2Fv2%2Fcomments&post=64179"}],"version-history":[{"count":0,"href":"https:\/\/jugulajm.net\/index.php?rest_route=\/wp\/v2\/posts\/64179\/revisions"}],"wp:featuredmedia":[{"embeddable":true,"href":"https:\/\/jugulajm.net\/index.php?rest_route=\/wp\/v2\/media\/64180"}],"wp:attachment":[{"href":"https:\/\/jugulajm.net\/index.php?rest_route=%2Fwp%2Fv2%2Fmedia&parent=64179"}],"wp:term":[{"taxonomy":"category","embeddable":true,"href":"https:\/\/jugulajm.net\/index.php?rest_route=%2Fwp%2Fv2%2Fcategories&post=64179"},{"taxonomy":"post_tag","embeddable":true,"href":"https:\/\/jugulajm.net\/index.php?rest_route=%2Fwp%2Fv2%2Ftags&post=64179"}],"curies":[{"name":"wp","href":"https:\/\/api.w.org\/{rel}","templated":true}]}}