{"id":64129,"date":"2023-08-19T12:50:36","date_gmt":"2023-08-19T10:50:36","guid":{"rendered":"https:\/\/jugulajm.net\/?p=64129"},"modified":"2023-08-19T12:50:36","modified_gmt":"2023-08-19T10:50:36","slug":"rama-falenderon-bashkine-gjirokaster-dhe-arrsh-per-pastrimin-e-aksit-kardhiq-delvine","status":"publish","type":"post","link":"https:\/\/jugulajm.net\/?p=64129","title":{"rendered":"Rama falenderon Bashkin\u00eb Gjirokast\u00ebr dhe ARRSH p\u00ebr pastrimin e aksit Kardhiq-Delvin\u00eb"},"content":{"rendered":"<p>Ndotja e rrug\u00ebs n\u00eb aksin Kardhiq-Delvin\u00eb ka sjell\u00eb reagimin e ashp\u00ebr nga kryeministri Edi Rama.<\/p>\n<p>N\u00eb nj\u00eb postim n\u00eb rrjete sociale, ai ka ndar\u00eb pamje t\u00eb rrug\u00ebs s\u00eb ndotur nga mbeturinat duke i t\u00ebrhequr v\u00ebmendje qytetar\u00ebve.<\/p>\n<p>Nd\u00ebrsa falenderon Bashkin\u00eb e Gjirokastr\u00ebs me kryetar Flamur Golemin, dhe ARRSH me drejtor Andi Shkurten p\u00ebr pastrimin e saj, Rama b\u00ebn me dije se individ\u00ebt q\u00eb ndotin rrug\u00ebt, do t\u00eb nd\u00ebshkohen nga nj\u00eb paket\u00eb ligjore q\u00eb do t\u00eb hyj\u00eb n\u00eb fuqi brenda afatit t\u00eb fillimit t\u00eb vitit t\u00eb ardhsh\u00ebm.<\/p>\n<p>\u201cRrug\u00ebt e reja jan\u00eb p\u00ebr t\u00eb shkurtuar distancat, jo p\u00ebr t\u2019u kthyer n\u00eb vendhedhje plehrash.<\/p>\n<p>Faleminderit Bashkis\u00eb Gjirokast\u00ebr dhe ARRSH q\u00eb u angazhuan n\u00eb pastrimin e aksit Kardhiq-Delvin\u00eb q\u00eb \u00e7do dit\u00eb frekuentohet nga mij\u00ebra turist\u00eb.<\/p>\n<p>Dhe n\u00eb k\u00ebt\u00eb kthes\u00eb t\u00eb madhe historike p\u00ebr turizmin e p\u00ebr ekonomin\u00eb shqiptare, ne s\u2019do t\u00eb lejojm\u00eb q\u00eb sjellja e eg\u00ebr e nj\u00eb pakice individ\u00ebsh t\u00eb pacip\u00eb, t\u00eb d\u00ebmtoj\u00eb Shqip\u00ebrin\u00eb e rilindur turistike! Nj\u00eb paket\u00eb e re nd\u00ebshkimesh drastike ligjore p\u00ebr hedh\u00ebsit e plehrave rrug\u00ebve, do t\u00eb hyj\u00eb n\u00eb fuqi maksimumi fillimvitin e ardhsh\u00ebm\u201d,\u00a0shkruan Rama n\u00eb fb.<\/p>\n<p><iframe loading=\"lazy\" src=\"https:\/\/www.facebook.com\/plugins\/post.php?href=https%3A%2F%2Fwww.facebook.com%2Fediramaal%2Fposts%2Fpfbid034KXF9cZXMiZRpoghkMhr8vpEJuDHdtS7gB4YtL8g5Dsv1gJmfrbSMtJjc7CeD8jol&amp;show_text=true&amp;width=500\" width=\"500\" height=\"754\" frameborder=\"0\" scrolling=\"no\" allowfullscreen=\"allowfullscreen\" data-mce-fragment=\"1\"><\/iframe><\/p>\n","protected":false},"excerpt":{"rendered":"<p>Ndotja e rrug\u00ebs n\u00eb aksin Kardhiq-Delvin\u00eb ka sjell\u00eb reagimin e ashp\u00ebr nga kryeministri Edi Rama. N\u00eb nj\u00eb postim n\u00eb rrjete sociale, ai ka ndar\u00eb pamje t\u00eb rrug\u00ebs s\u00eb ndotur nga mbeturinat duke i t\u00ebrhequr v\u00ebmendje qytetar\u00ebve. Nd\u00ebrsa falenderon Bashkin\u00eb e Gjirokastr\u00ebs me kryetar Flamur Golemin, dhe ARRSH me drejtor Andi Shkurten p\u00ebr pastrimin e saj, [&hellip;]<\/p>\n","protected":false},"author":5,"featured_media":64130,"comment_status":"closed","ping_status":"closed","sticky":false,"template":"","format":"standard","meta":{"footnotes":""},"categories":[1,6332],"tags":[25780],"class_list":{"0":"post-64129","1":"post","2":"type-post","3":"status-publish","4":"format-standard","5":"has-post-thumbnail","7":"category-aktualitet","8":"category-te-fundit","9":"tag-rama-falenderon-bashkine-gjirokaster-dhe-arrsh-per-pastrimin-e-aksit-kardhiq-delvine"},"_links":{"self":[{"href":"https:\/\/jugulajm.net\/index.php?rest_route=\/wp\/v2\/posts\/64129","targetHints":{"allow":["GET"]}}],"collection":[{"href":"https:\/\/jugulajm.net\/index.php?rest_route=\/wp\/v2\/posts"}],"about":[{"href":"https:\/\/jugulajm.net\/index.php?rest_route=\/wp\/v2\/types\/post"}],"author":[{"embeddable":true,"href":"https:\/\/jugulajm.net\/index.php?rest_route=\/wp\/v2\/users\/5"}],"replies":[{"embeddable":true,"href":"https:\/\/jugulajm.net\/index.php?rest_route=%2Fwp%2Fv2%2Fcomments&post=64129"}],"version-history":[{"count":0,"href":"https:\/\/jugulajm.net\/index.php?rest_route=\/wp\/v2\/posts\/64129\/revisions"}],"wp:featuredmedia":[{"embeddable":true,"href":"https:\/\/jugulajm.net\/index.php?rest_route=\/wp\/v2\/media\/64130"}],"wp:attachment":[{"href":"https:\/\/jugulajm.net\/index.php?rest_route=%2Fwp%2Fv2%2Fmedia&parent=64129"}],"wp:term":[{"taxonomy":"category","embeddable":true,"href":"https:\/\/jugulajm.net\/index.php?rest_route=%2Fwp%2Fv2%2Fcategories&post=64129"},{"taxonomy":"post_tag","embeddable":true,"href":"https:\/\/jugulajm.net\/index.php?rest_route=%2Fwp%2Fv2%2Ftags&post=64129"}],"curies":[{"name":"wp","href":"https:\/\/api.w.org\/{rel}","templated":true}]}}