{"id":64091,"date":"2023-08-18T15:45:26","date_gmt":"2023-08-18T13:45:26","guid":{"rendered":"https:\/\/jugulajm.net\/?p=64091"},"modified":"2023-08-18T15:46:02","modified_gmt":"2023-08-18T13:46:02","slug":"emri-po-punonte-ne-lavazh-prangoset-29-vjecari-ishte-ne-kerkim-per-kultivim-kanabisi","status":"publish","type":"post","link":"https:\/\/jugulajm.net\/?p=64091","title":{"rendered":"EMRI\/ Po punonte n\u00eb lavazh, prangoset 29-vje\u00e7ari, ishte n\u00eb k\u00ebrkim p\u00ebr kultivim kanabisi"},"content":{"rendered":"<p>Vijon puna p\u00ebr lokalizimin, kapjen dhe nxjerrjen p\u00ebrpara p\u00ebrgjegj\u00ebsis\u00eb penale t\u00eb shtetasve t\u00eb shpallur n\u00eb k\u00ebrkim p\u00ebr vepra t\u00eb ndryshme penale.<\/p>\n<p>Koordinimi i pun\u00ebs dhe shk\u00ebmbimi i informacioneve nd\u00ebrmjet policive t\u00eb Gjirokastr\u00ebs, Durr\u00ebsit dhe Vlor\u00ebs, \u00e7oi n\u00eb pranga shtetasin e shpallur n\u00eb k\u00ebrkim n\u00eb kuad\u00ebr t\u00eb 2 operacioneve antidrog\u00eb.<\/p>\n<p>29-vje\u00e7ari i ndaluar, me 2 masa sigurie, i akuzuar nga Gjykata e Gjirokastr\u00ebs p\u00ebr transportimin e 27.6 kg cannabis sativa, dhe i akuzuar nga Gjykata e Vlor\u00ebs p\u00ebr kultivim dhe prodhim t\u00eb cannabis sativ\u00ebs, n\u00eb ambient t\u00eb mbyllur, me an\u00eb t\u00eb llambave.<\/p>\n<p>29-vje\u00e7ari u kap teksa punonte n\u00eb nj\u00eb lavazh n\u00eb af\u00ebrsi t\u00eb ur\u00ebs s\u00eb Dajlanit, Durr\u00ebs.<\/p>\n<p>Specialist\u00ebt e Seksionit p\u00ebr Hetimin e Trafiqeve dhe Narkotik\u00ebve t\u00eb Drejtoris\u00eb Vendore t\u00eb Policis\u00eb Gjirokast\u00ebr, si rezultat i shk\u00ebmbimit t\u00eb informacioneve dhe koordinimit t\u00eb veprimeve policore me drejtorit\u00eb vendore t\u00eb Policis\u00eb, Durr\u00ebs dhe Vlor\u00eb, p\u00ebr vendndodhjen e nj\u00eb shtetasi me precedent t\u00eb theksuar kriminal n\u00eb fush\u00ebn e narkotik\u00ebve, kan\u00eb lokalizuar n\u00eb nj\u00eb subjekt (lavazh), n\u00eb af\u00ebrsi t\u00eb ur\u00ebs s\u00eb Dajlanit, Durr\u00ebs, shtetasin e shpallur n\u00eb k\u00ebrkim Klajdi Miziri, 29 vje\u00e7.<\/p>\n<p>-Gjykata e Gjirokastr\u00ebs i ka caktuar 29-vje\u00e7arit, mas\u00ebn e siguris\u00eb \u201cArrest n\u00eb burg\u201d, p\u00ebr vepr\u00ebn penale \u201cProdhimi dhe shitja e narkotik\u00ebve\u201d, kryer n\u00eb bashk\u00ebpunim. Shtetasi K. M. akuzohet se ka bashk\u00ebpunuar me nj\u00eb shtetas tjet\u00ebr, p\u00ebr t\u00eb transportuar 27.6 kg l\u00ebnd\u00eb narkotike cannabis sativa. Ky rast u konstatua dhe u godit nga Policia e Gjirokastr\u00ebs, n\u00eb vendin e quajtur \u201cKthesa e Sofratik\u00ebs\u201d, m\u00eb dat\u00eb 24.01.2022, n\u00eb kuad\u00ebr t\u00eb operacionit policor t\u00eb koduar \u201cTransporter\u201d.<\/p>\n<p>-Gjykata e Vlor\u00ebs i ka caktuar shtetasit K. M., mas\u00ebn e siguris\u00eb \u201cArrest n\u00eb burg\u201d, p\u00ebr veprat penale \u201cKultivimi i bim\u00ebve narkotike\u201d dhe \u201cVjedhja e energjis\u00eb elektrike ose e impulseve telefonike\u201d. N\u00eb magazin\u00ebn e marr\u00eb me qira nga shtetasi K. M., n\u00eb fshatin Volloder, u gjet\u00ebn t\u00eb kultivuara me an\u00eb t\u00eb llambave q\u00eb furnizoheshin me energji elektrike t\u00eb vjedhur, 100 bim\u00eb narkotike cannabis sativa.<\/p>\n<p>Gjithashtu n\u00eb ambientet e k\u00ebsaj magazine u gjet nj\u00eb sasi l\u00ebnde narkotike cannabis sativa. Ky rast u konstatua dhe u godit nga Policia e Vlor\u00ebs, m\u00eb dat\u00eb 26.01.2022, n\u00eb kuad\u00ebr t\u00eb operacionit policor t\u00eb koduar \u201cVolloder\u201d.<\/p>\n<p>Materialet procedurale i kaluan Prokuroris\u00eb pran\u00eb Gjykat\u00ebs s\u00eb Shkall\u00ebs s\u00eb Par\u00eb t\u00eb Juridiksionit t\u00eb P\u00ebrgjithsh\u00ebm Gjirokast\u00ebr, p\u00ebr veprime t\u00eb m\u00ebtejshme.<\/p>\n","protected":false},"excerpt":{"rendered":"<p>Vijon puna p\u00ebr lokalizimin, kapjen dhe nxjerrjen p\u00ebrpara p\u00ebrgjegj\u00ebsis\u00eb penale t\u00eb shtetasve t\u00eb shpallur n\u00eb k\u00ebrkim p\u00ebr vepra t\u00eb ndryshme penale. Koordinimi i pun\u00ebs dhe shk\u00ebmbimi i informacioneve nd\u00ebrmjet policive t\u00eb Gjirokastr\u00ebs, Durr\u00ebsit dhe Vlor\u00ebs, \u00e7oi n\u00eb pranga shtetasin e shpallur n\u00eb k\u00ebrkim n\u00eb kuad\u00ebr t\u00eb 2 operacioneve antidrog\u00eb. 29-vje\u00e7ari i ndaluar, me 2 masa [&hellip;]<\/p>\n","protected":false},"author":5,"featured_media":55421,"comment_status":"closed","ping_status":"closed","sticky":false,"template":"","format":"standard","meta":{"footnotes":""},"categories":[1,6332],"tags":[25762,25763,25330],"class_list":{"0":"post-64091","1":"post","2":"type-post","3":"status-publish","4":"format-standard","5":"has-post-thumbnail","7":"category-aktualitet","8":"category-te-fundit","9":"tag-emri-po-punonte-ne-lavazh","10":"tag-ishte-ne-kerkim-per-kultivim-kanabisi","11":"tag-prangoset-29-vjecari"},"_links":{"self":[{"href":"https:\/\/jugulajm.net\/index.php?rest_route=\/wp\/v2\/posts\/64091","targetHints":{"allow":["GET"]}}],"collection":[{"href":"https:\/\/jugulajm.net\/index.php?rest_route=\/wp\/v2\/posts"}],"about":[{"href":"https:\/\/jugulajm.net\/index.php?rest_route=\/wp\/v2\/types\/post"}],"author":[{"embeddable":true,"href":"https:\/\/jugulajm.net\/index.php?rest_route=\/wp\/v2\/users\/5"}],"replies":[{"embeddable":true,"href":"https:\/\/jugulajm.net\/index.php?rest_route=%2Fwp%2Fv2%2Fcomments&post=64091"}],"version-history":[{"count":0,"href":"https:\/\/jugulajm.net\/index.php?rest_route=\/wp\/v2\/posts\/64091\/revisions"}],"wp:featuredmedia":[{"embeddable":true,"href":"https:\/\/jugulajm.net\/index.php?rest_route=\/wp\/v2\/media\/55421"}],"wp:attachment":[{"href":"https:\/\/jugulajm.net\/index.php?rest_route=%2Fwp%2Fv2%2Fmedia&parent=64091"}],"wp:term":[{"taxonomy":"category","embeddable":true,"href":"https:\/\/jugulajm.net\/index.php?rest_route=%2Fwp%2Fv2%2Fcategories&post=64091"},{"taxonomy":"post_tag","embeddable":true,"href":"https:\/\/jugulajm.net\/index.php?rest_route=%2Fwp%2Fv2%2Ftags&post=64091"}],"curies":[{"name":"wp","href":"https:\/\/api.w.org\/{rel}","templated":true}]}}