{"id":64088,"date":"2023-08-18T15:03:37","date_gmt":"2023-08-18T13:03:37","guid":{"rendered":"https:\/\/jugulajm.net\/?p=64088"},"modified":"2023-08-18T15:03:37","modified_gmt":"2023-08-18T13:03:37","slug":"foto-aksident-perplasen-2-makina-njera-perfundon-ne-kanal","status":"publish","type":"post","link":"https:\/\/jugulajm.net\/?p=64088","title":{"rendered":"FOTO\/ Aksident, p\u00ebrplasen 2 makina, nj\u00ebra p\u00ebrfundon n\u00eb kanal"},"content":{"rendered":"<p>Nj\u00eb aksident automobolistik \u00ebsht\u00eb regjistruar k\u00ebt\u00eb t\u00eb premte n\u00eb aksin rrugor Elbasan- Peqin, pran\u00eb fshatit Paules, ku dy makina jan\u00eb p\u00ebrplasur me nj\u00ebra-tjetr\u00ebn.<\/p>\n<p>Si\u00e7 shihet dhe n\u00eb foton e m\u00ebsip\u00ebrme, nga p\u00ebrplasja e fort\u00eb, nj\u00eb nga mjetet ka p\u00ebrfunduar jasht\u00eb rrug\u00ebs dhe \u00ebsht\u00eb p\u00ebrmbysur n\u00eb kanal. Ende nuk dihet n\u00ebse ka t\u00eb l\u00ebnduar apo jo nga ky aksident, teksa d\u00ebmet materiale jan\u00eb t\u00eb shumta.<\/p>\n<p>Policia ka shkuar ne vendin e ngjarjes dhe po punon p\u00ebr zbardhjen e rrethanave t\u00eb aksidentit.<\/p>\n","protected":false},"excerpt":{"rendered":"<p>Nj\u00eb aksident automobolistik \u00ebsht\u00eb regjistruar k\u00ebt\u00eb t\u00eb premte n\u00eb aksin rrugor Elbasan- Peqin, pran\u00eb fshatit Paules, ku dy makina jan\u00eb p\u00ebrplasur me nj\u00ebra-tjetr\u00ebn. Si\u00e7 shihet dhe n\u00eb foton e m\u00ebsip\u00ebrme, nga p\u00ebrplasja e fort\u00eb, nj\u00eb nga mjetet ka p\u00ebrfunduar jasht\u00eb rrug\u00ebs dhe \u00ebsht\u00eb p\u00ebrmbysur n\u00eb kanal. Ende nuk dihet n\u00ebse ka t\u00eb l\u00ebnduar apo jo [&hellip;]<\/p>\n","protected":false},"author":5,"featured_media":64089,"comment_status":"closed","ping_status":"closed","sticky":false,"template":"","format":"standard","meta":{"footnotes":""},"categories":[1,6332],"tags":[23153,25761,25319],"class_list":{"0":"post-64088","1":"post","2":"type-post","3":"status-publish","4":"format-standard","5":"has-post-thumbnail","7":"category-aktualitet","8":"category-te-fundit","9":"tag-foto-aksident","10":"tag-njera-perfundon-ne-kanal","11":"tag-perplasen-2-makina"},"_links":{"self":[{"href":"https:\/\/jugulajm.net\/index.php?rest_route=\/wp\/v2\/posts\/64088","targetHints":{"allow":["GET"]}}],"collection":[{"href":"https:\/\/jugulajm.net\/index.php?rest_route=\/wp\/v2\/posts"}],"about":[{"href":"https:\/\/jugulajm.net\/index.php?rest_route=\/wp\/v2\/types\/post"}],"author":[{"embeddable":true,"href":"https:\/\/jugulajm.net\/index.php?rest_route=\/wp\/v2\/users\/5"}],"replies":[{"embeddable":true,"href":"https:\/\/jugulajm.net\/index.php?rest_route=%2Fwp%2Fv2%2Fcomments&post=64088"}],"version-history":[{"count":0,"href":"https:\/\/jugulajm.net\/index.php?rest_route=\/wp\/v2\/posts\/64088\/revisions"}],"wp:featuredmedia":[{"embeddable":true,"href":"https:\/\/jugulajm.net\/index.php?rest_route=\/wp\/v2\/media\/64089"}],"wp:attachment":[{"href":"https:\/\/jugulajm.net\/index.php?rest_route=%2Fwp%2Fv2%2Fmedia&parent=64088"}],"wp:term":[{"taxonomy":"category","embeddable":true,"href":"https:\/\/jugulajm.net\/index.php?rest_route=%2Fwp%2Fv2%2Fcategories&post=64088"},{"taxonomy":"post_tag","embeddable":true,"href":"https:\/\/jugulajm.net\/index.php?rest_route=%2Fwp%2Fv2%2Ftags&post=64088"}],"curies":[{"name":"wp","href":"https:\/\/api.w.org\/{rel}","templated":true}]}}