{"id":64078,"date":"2023-08-18T12:52:40","date_gmt":"2023-08-18T10:52:40","guid":{"rendered":"https:\/\/jugulajm.net\/?p=64078"},"modified":"2023-08-18T12:52:40","modified_gmt":"2023-08-18T10:52:40","slug":"gjendet-i-pajete-cobani-delvinjot-73-vjecar-ne-malin-e-cajupit-ja-detajet","status":"publish","type":"post","link":"https:\/\/jugulajm.net\/?p=64078","title":{"rendered":"Gjendet i pajet\u00eb \u00e7obani delvinjot 73-vje\u00e7ar n\u00eb malin e \u00c7ajupit, ja detajet&#8230;"},"content":{"rendered":"<p>Nj\u00eb ngjarje e r\u00ebnd\u00eb ka ndodhur n\u00eb Gjirokast\u00ebr, ku nj\u00eb person \u00ebsht\u00eb gjetur i pajet\u00eb.<\/p>\n<div class=\"ad-wrap\">\n<div class=\"ad-box\">\n<div id=\"gpt-passback-albt\" data-google-query-id=\"CJmf25SC5oADFTSh_QcdwdUL2w\">\n<div id=\"google_ads_iframe_\/97842098\/Shqip_ExtraUnit_0__container__\">M\u00ebsohet se trupi i pajet\u00eb \u00ebsht\u00eb gjetur n\u00eb malin e \u00c7ajupit dhe i p\u00ebrket bariut K.M, 73-vje\u00e7, nga Delvina<\/div>\n<div><\/div>\n<\/div>\n<\/div>\n<\/div>\n<p>Nga k\u00ebqyrja e trupit nuk jan\u00eb konstatuar shenja dhune dhe dyshohet se 73-vje\u00e7ari e ka humbur jet\u00ebn p\u00ebr shkak t\u00eb arrestit kardiak, nd\u00ebrkoh\u00eb grupi hetimor ka nisur hetimet p\u00ebr zbardhjen e rrethanave t\u00eb plota t\u00eb ngjarjes.<\/p>\n","protected":false},"excerpt":{"rendered":"<p>Nj\u00eb ngjarje e r\u00ebnd\u00eb ka ndodhur n\u00eb Gjirokast\u00ebr, ku nj\u00eb person \u00ebsht\u00eb gjetur i pajet\u00eb. M\u00ebsohet se trupi i pajet\u00eb \u00ebsht\u00eb gjetur n\u00eb malin e \u00c7ajupit dhe i p\u00ebrket bariut K.M, 73-vje\u00e7, nga Delvina Nga k\u00ebqyrja e trupit nuk jan\u00eb konstatuar shenja dhune dhe dyshohet se 73-vje\u00e7ari e ka humbur jet\u00ebn p\u00ebr shkak t\u00eb arrestit [&hellip;]<\/p>\n","protected":false},"author":5,"featured_media":54477,"comment_status":"closed","ping_status":"closed","sticky":false,"template":"","format":"standard","meta":{"footnotes":""},"categories":[1,6332],"tags":[25756,21500],"class_list":{"0":"post-64078","1":"post","2":"type-post","3":"status-publish","4":"format-standard","5":"has-post-thumbnail","7":"category-aktualitet","8":"category-te-fundit","9":"tag-gjendet-i-pajete-cobani-delvinjot-73-vjecar-ne-malin-e-cajupit","10":"tag-ja-detajet"},"_links":{"self":[{"href":"https:\/\/jugulajm.net\/index.php?rest_route=\/wp\/v2\/posts\/64078","targetHints":{"allow":["GET"]}}],"collection":[{"href":"https:\/\/jugulajm.net\/index.php?rest_route=\/wp\/v2\/posts"}],"about":[{"href":"https:\/\/jugulajm.net\/index.php?rest_route=\/wp\/v2\/types\/post"}],"author":[{"embeddable":true,"href":"https:\/\/jugulajm.net\/index.php?rest_route=\/wp\/v2\/users\/5"}],"replies":[{"embeddable":true,"href":"https:\/\/jugulajm.net\/index.php?rest_route=%2Fwp%2Fv2%2Fcomments&post=64078"}],"version-history":[{"count":0,"href":"https:\/\/jugulajm.net\/index.php?rest_route=\/wp\/v2\/posts\/64078\/revisions"}],"wp:featuredmedia":[{"embeddable":true,"href":"https:\/\/jugulajm.net\/index.php?rest_route=\/wp\/v2\/media\/54477"}],"wp:attachment":[{"href":"https:\/\/jugulajm.net\/index.php?rest_route=%2Fwp%2Fv2%2Fmedia&parent=64078"}],"wp:term":[{"taxonomy":"category","embeddable":true,"href":"https:\/\/jugulajm.net\/index.php?rest_route=%2Fwp%2Fv2%2Fcategories&post=64078"},{"taxonomy":"post_tag","embeddable":true,"href":"https:\/\/jugulajm.net\/index.php?rest_route=%2Fwp%2Fv2%2Ftags&post=64078"}],"curies":[{"name":"wp","href":"https:\/\/api.w.org\/{rel}","templated":true}]}}