{"id":64030,"date":"2023-08-17T11:38:06","date_gmt":"2023-08-17T09:38:06","guid":{"rendered":"https:\/\/jugulajm.net\/?p=64030"},"modified":"2023-08-17T11:38:30","modified_gmt":"2023-08-17T09:38:30","slug":"emrat-gjykata-i-kerkon-spak-hetime-per-2-ish-ministra","status":"publish","type":"post","link":"https:\/\/jugulajm.net\/?p=64030","title":{"rendered":"EMRAT\/ Gjykata i k\u00ebrkon SPAK hetime p\u00ebr 2 ish-ministra"},"content":{"rendered":"<div class=\"site-header-wrapper\">\n<div class=\"site-header\">\n<div id=\"mainHeader\" class=\"container\">\n<div class=\"c-flexy\">\n<div class=\"header-left\">\n<div class=\"nav-logo\">M\u00ebsohet se Gjykata e Posa\u00e7me i ka k\u00ebrkuar SPAK-ut hetime t\u00eb m\u00ebtejshme p\u00ebr 2 ish-ministra.<\/div>\n<\/div>\n<\/div>\n<\/div>\n<\/div>\n<\/div>\n<section class=\"content-section\">\n<div class=\"container \">\n<div class=\"c-flexy\">\n<div class=\"content-col\">\n<div class=\"content-narrow\">\n<p>Konkretisht, GJKKO ka k\u00ebrkuar t\u00eb nisin hetime p\u00ebr ish-ministrin e Sh\u00ebndet\u00ebsis\u00eb, Ilir Beqaj dhe ish-ministrin e Financave, Shk\u00eblqim Cani.<\/p>\n<p>Ky i fundit ndodhet prej m\u00eb shum\u00eb se nj\u00eb ore n\u00eb SPAK, ku po merret n\u00eb pyetje n\u00eb lidhje me koncesionin e sterilizimit.<\/p>\n<p>Nd\u00ebrkoh\u00eb, Prokuroria ka marr\u00eb m\u00eb par\u00eb disa her\u00eb n\u00eb pyetje ish-ministrin Beqaj.<\/p>\n<\/div>\n<\/div>\n<\/div>\n<\/div>\n<\/section>\n","protected":false},"excerpt":{"rendered":"<p>M\u00ebsohet se Gjykata e Posa\u00e7me i ka k\u00ebrkuar SPAK-ut hetime t\u00eb m\u00ebtejshme p\u00ebr 2 ish-ministra. Konkretisht, GJKKO ka k\u00ebrkuar t\u00eb nisin hetime p\u00ebr ish-ministrin e Sh\u00ebndet\u00ebsis\u00eb, Ilir Beqaj dhe ish-ministrin e Financave, Shk\u00eblqim Cani. Ky i fundit ndodhet prej m\u00eb shum\u00eb se nj\u00eb ore n\u00eb SPAK, ku po merret n\u00eb pyetje n\u00eb lidhje me koncesionin [&hellip;]<\/p>\n","protected":false},"author":5,"featured_media":52047,"comment_status":"closed","ping_status":"closed","sticky":false,"template":"","format":"standard","meta":{"footnotes":""},"categories":[1,6332],"tags":[25727],"class_list":{"0":"post-64030","1":"post","2":"type-post","3":"status-publish","4":"format-standard","5":"has-post-thumbnail","7":"category-aktualitet","8":"category-te-fundit","9":"tag-emrat-gjykata-i-kerkon-spak-hetime-per-2-ish-ministra"},"_links":{"self":[{"href":"https:\/\/jugulajm.net\/index.php?rest_route=\/wp\/v2\/posts\/64030","targetHints":{"allow":["GET"]}}],"collection":[{"href":"https:\/\/jugulajm.net\/index.php?rest_route=\/wp\/v2\/posts"}],"about":[{"href":"https:\/\/jugulajm.net\/index.php?rest_route=\/wp\/v2\/types\/post"}],"author":[{"embeddable":true,"href":"https:\/\/jugulajm.net\/index.php?rest_route=\/wp\/v2\/users\/5"}],"replies":[{"embeddable":true,"href":"https:\/\/jugulajm.net\/index.php?rest_route=%2Fwp%2Fv2%2Fcomments&post=64030"}],"version-history":[{"count":0,"href":"https:\/\/jugulajm.net\/index.php?rest_route=\/wp\/v2\/posts\/64030\/revisions"}],"wp:featuredmedia":[{"embeddable":true,"href":"https:\/\/jugulajm.net\/index.php?rest_route=\/wp\/v2\/media\/52047"}],"wp:attachment":[{"href":"https:\/\/jugulajm.net\/index.php?rest_route=%2Fwp%2Fv2%2Fmedia&parent=64030"}],"wp:term":[{"taxonomy":"category","embeddable":true,"href":"https:\/\/jugulajm.net\/index.php?rest_route=%2Fwp%2Fv2%2Fcategories&post=64030"},{"taxonomy":"post_tag","embeddable":true,"href":"https:\/\/jugulajm.net\/index.php?rest_route=%2Fwp%2Fv2%2Ftags&post=64030"}],"curies":[{"name":"wp","href":"https:\/\/api.w.org\/{rel}","templated":true}]}}