{"id":63955,"date":"2023-08-15T22:26:38","date_gmt":"2023-08-15T20:26:38","guid":{"rendered":"https:\/\/jugulajm.net\/?p=63955"},"modified":"2023-08-15T22:26:50","modified_gmt":"2023-08-15T20:26:50","slug":"49-vjecari-gjendet-i-vetevarur","status":"publish","type":"post","link":"https:\/\/jugulajm.net\/?p=63955","title":{"rendered":"49-vje\u00e7ari gjendet i vet\u00ebvarur"},"content":{"rendered":"<p>Nj\u00eb 49-vje\u00e7ar \u00ebsht\u00eb gjetur i vet\u00ebvarur n\u00eb af\u00ebrsi t\u00eb banes\u00ebs s\u00eb tij n\u00eb fshatin Ud\u00ebnisht t\u00eb Pogradecit.<\/p>\n<p>Policia b\u00ebn t\u00eb ditur se nuk jan\u00eb konstatuar shenja dhune n\u00eb trupin e viktim\u00ebs dhe grupi hetimor po punon p\u00ebr sqarimin e rrethanave t\u00eb ngjarjes.<\/p>\n<p>\u201cM49\u00eb dat\u00eb 15.08.20244993, rreth or\u00ebs 20:15, n\u00eb fshatin Ud\u00ebnisht, Pogradec, n\u00eb af\u00ebrsi t\u00eb banes\u00ebs \u00ebsht\u00eb gjetur i vet\u00ebvarur n\u00eb nj\u00eb pem\u00eb, shtetasi B. B., rreth 49 vje\u00e7, banues n\u00eb fshatin Hud\u00ebnisht. Nga k\u00ebqyrja paraprake e trupit t\u00eb viktim\u00ebs nuk jan\u00eb konstatuar shenja dhune. Grupi hetimor po punon p\u00ebr sqarimin e rrethanave t\u00eb ngjarjes\u201d, njofton policia<\/p>\n","protected":false},"excerpt":{"rendered":"<p>Nj\u00eb 49-vje\u00e7ar \u00ebsht\u00eb gjetur i vet\u00ebvarur n\u00eb af\u00ebrsi t\u00eb banes\u00ebs s\u00eb tij n\u00eb fshatin Ud\u00ebnisht t\u00eb Pogradecit. Policia b\u00ebn t\u00eb ditur se nuk jan\u00eb konstatuar shenja dhune n\u00eb trupin e viktim\u00ebs dhe grupi hetimor po punon p\u00ebr sqarimin e rrethanave t\u00eb ngjarjes. \u201cM49\u00eb dat\u00eb 15.08.20244993, rreth or\u00ebs 20:15, n\u00eb fshatin Ud\u00ebnisht, Pogradec, n\u00eb af\u00ebrsi t\u00eb [&hellip;]<\/p>\n","protected":false},"author":5,"featured_media":54477,"comment_status":"closed","ping_status":"closed","sticky":false,"template":"","format":"standard","meta":{"footnotes":""},"categories":[1,6332],"tags":[25694],"class_list":{"0":"post-63955","1":"post","2":"type-post","3":"status-publish","4":"format-standard","5":"has-post-thumbnail","7":"category-aktualitet","8":"category-te-fundit","9":"tag-49-vjecari-gjendet-i-vetevarur"},"_links":{"self":[{"href":"https:\/\/jugulajm.net\/index.php?rest_route=\/wp\/v2\/posts\/63955","targetHints":{"allow":["GET"]}}],"collection":[{"href":"https:\/\/jugulajm.net\/index.php?rest_route=\/wp\/v2\/posts"}],"about":[{"href":"https:\/\/jugulajm.net\/index.php?rest_route=\/wp\/v2\/types\/post"}],"author":[{"embeddable":true,"href":"https:\/\/jugulajm.net\/index.php?rest_route=\/wp\/v2\/users\/5"}],"replies":[{"embeddable":true,"href":"https:\/\/jugulajm.net\/index.php?rest_route=%2Fwp%2Fv2%2Fcomments&post=63955"}],"version-history":[{"count":0,"href":"https:\/\/jugulajm.net\/index.php?rest_route=\/wp\/v2\/posts\/63955\/revisions"}],"wp:featuredmedia":[{"embeddable":true,"href":"https:\/\/jugulajm.net\/index.php?rest_route=\/wp\/v2\/media\/54477"}],"wp:attachment":[{"href":"https:\/\/jugulajm.net\/index.php?rest_route=%2Fwp%2Fv2%2Fmedia&parent=63955"}],"wp:term":[{"taxonomy":"category","embeddable":true,"href":"https:\/\/jugulajm.net\/index.php?rest_route=%2Fwp%2Fv2%2Fcategories&post=63955"},{"taxonomy":"post_tag","embeddable":true,"href":"https:\/\/jugulajm.net\/index.php?rest_route=%2Fwp%2Fv2%2Ftags&post=63955"}],"curies":[{"name":"wp","href":"https:\/\/api.w.org\/{rel}","templated":true}]}}