{"id":63915,"date":"2023-08-15T09:55:42","date_gmt":"2023-08-15T07:55:42","guid":{"rendered":"https:\/\/jugulajm.net\/?p=63915"},"modified":"2023-08-15T09:55:42","modified_gmt":"2023-08-15T07:55:42","slug":"automjeti-perplaset-me-kamioncinen-4-te-plagosur","status":"publish","type":"post","link":"https:\/\/jugulajm.net\/?p=63915","title":{"rendered":"Automjeti p\u00ebrplaset me kamion\u00e7in\u00ebn, 4 t\u00eb plagosur"},"content":{"rendered":"<p>Nj\u00eb aksident ka ndodhur m\u00ebngjesin e sot\u00ebm n\u00eb Pap\u00ebr t\u00eb Elbasanit ku kan\u00eb mbetur t\u00eb plagosur 4 persona. M\u00ebsohet se nj\u00eb makin\u00eb \u00ebsht\u00eb p\u00ebrplasur me nj\u00eb kamion\u00e7in\u00eb n\u00eb aksin Peqin-Elbasan.<\/p>\n<p>Si pasoj\u00eb e aksidentit jan\u00eb d\u00ebmtuar dy drejtuesit e automjeteve, shtetasja B. P., pasagjere n\u00eb automjetin me drejtues shtetasin Sh. P. dhe shtetasi A. S., pasagjer n\u00eb automjetin me drejtues shtetasin O. S., t\u00eb cil\u00ebt ndodhen n\u00eb kujdesin e mjek\u00ebve.<\/p>\n<p>Grupi hetimor vijon pun\u00ebn p\u00ebr p\u00ebrcaktimin e rrethanave t\u00eb aksidentit.<\/p>\n<p><strong>Njoftimi i policise:<\/strong><\/p>\n<p><em>N\u00eb or\u00ebt e para t\u00eb m\u00ebngjesit t\u00eb sot\u00ebm, n\u00eb aksin rrugor Peqin-Elbasan, n\u00eb fshatin Pap\u00ebr, automjeti q\u00eb drejtohej nga shtetasi O. S., 26 vje\u00e7, \u00ebsht\u00eb p\u00ebrplasur me kamion\u00e7in\u00ebn q\u00eb drejtohej nga shtetasi Sh. P., 58 vje\u00e7.<\/em><\/p>\n<p><em>Si pasoj\u00eb e aksidentit jan\u00eb d\u00ebmtuar dy drejtuesit e automjeteve, shtetasja B. P., pasagjere n\u00eb automjetin me drejtues shtetasin Sh. P. dhe shtetasi A. S., pasagjer n\u00eb automjetin me drejtues shtetasin O. S., t\u00eb cil\u00ebt ndodhen n\u00eb kujdesin e mjek\u00ebve.\u00a0<\/em><\/p>\n<p><em>Grupi hetimor vijon pun\u00ebn p\u00ebr p\u00ebrcaktimin e rrethanave t\u00eb aksidentit.<\/em><\/p>\n","protected":false},"excerpt":{"rendered":"<p>Nj\u00eb aksident ka ndodhur m\u00ebngjesin e sot\u00ebm n\u00eb Pap\u00ebr t\u00eb Elbasanit ku kan\u00eb mbetur t\u00eb plagosur 4 persona. M\u00ebsohet se nj\u00eb makin\u00eb \u00ebsht\u00eb p\u00ebrplasur me nj\u00eb kamion\u00e7in\u00eb n\u00eb aksin Peqin-Elbasan. Si pasoj\u00eb e aksidentit jan\u00eb d\u00ebmtuar dy drejtuesit e automjeteve, shtetasja B. P., pasagjere n\u00eb automjetin me drejtues shtetasin Sh. P. dhe shtetasi A. S., [&hellip;]<\/p>\n","protected":false},"author":5,"featured_media":55171,"comment_status":"closed","ping_status":"closed","sticky":false,"template":"","format":"standard","meta":{"footnotes":""},"categories":[1,6332],"tags":[19371,25671],"class_list":{"0":"post-63915","1":"post","2":"type-post","3":"status-publish","4":"format-standard","5":"has-post-thumbnail","7":"category-aktualitet","8":"category-te-fundit","9":"tag-4-te-plagosur","10":"tag-automjeti-perplaset-me-kamioncinen"},"_links":{"self":[{"href":"https:\/\/jugulajm.net\/index.php?rest_route=\/wp\/v2\/posts\/63915","targetHints":{"allow":["GET"]}}],"collection":[{"href":"https:\/\/jugulajm.net\/index.php?rest_route=\/wp\/v2\/posts"}],"about":[{"href":"https:\/\/jugulajm.net\/index.php?rest_route=\/wp\/v2\/types\/post"}],"author":[{"embeddable":true,"href":"https:\/\/jugulajm.net\/index.php?rest_route=\/wp\/v2\/users\/5"}],"replies":[{"embeddable":true,"href":"https:\/\/jugulajm.net\/index.php?rest_route=%2Fwp%2Fv2%2Fcomments&post=63915"}],"version-history":[{"count":0,"href":"https:\/\/jugulajm.net\/index.php?rest_route=\/wp\/v2\/posts\/63915\/revisions"}],"wp:featuredmedia":[{"embeddable":true,"href":"https:\/\/jugulajm.net\/index.php?rest_route=\/wp\/v2\/media\/55171"}],"wp:attachment":[{"href":"https:\/\/jugulajm.net\/index.php?rest_route=%2Fwp%2Fv2%2Fmedia&parent=63915"}],"wp:term":[{"taxonomy":"category","embeddable":true,"href":"https:\/\/jugulajm.net\/index.php?rest_route=%2Fwp%2Fv2%2Fcategories&post=63915"},{"taxonomy":"post_tag","embeddable":true,"href":"https:\/\/jugulajm.net\/index.php?rest_route=%2Fwp%2Fv2%2Ftags&post=63915"}],"curies":[{"name":"wp","href":"https:\/\/api.w.org\/{rel}","templated":true}]}}