{"id":63884,"date":"2023-08-14T16:14:09","date_gmt":"2023-08-14T14:14:09","guid":{"rendered":"https:\/\/jugulajm.net\/?p=63884"},"modified":"2023-08-14T16:14:09","modified_gmt":"2023-08-14T14:14:09","slug":"gjendet-i-mbytur-60-vjecari-ja-cfare-dyshohet","status":"publish","type":"post","link":"https:\/\/jugulajm.net\/?p=63884","title":{"rendered":"Gjendet i mbytur 60 vje\u00e7ari, ja \u00e7far\u00eb dyshohet&#8230;"},"content":{"rendered":"<p>Nj\u00eb trup i pajet\u00eb \u00ebsht\u00eb gjetur pasditen e k\u00ebsaj t\u00eb h\u00ebne n\u00eb Pogradec n\u00eb rezervuarin e fshatit Grabovic\u00eb.<\/p>\n<p>Viktima \u00ebsht\u00eb identifikuar si shtetasi me iniciale, E. A., rreth 60 vje\u00e7, i cili dyshohet se vuante nga probleme t\u00eb sh\u00ebndetit mendor.<\/p>\n<p><em>\u201cM\u00eb dat\u00eb 14.08.2023, rreth or\u00ebs 15:33, n\u00eb rezervuarin e fshatit Grabovic\u00eb, Pogradec, \u00ebsht\u00eb gjetur i mbytur shtetasi E. A., rreth 60 vje\u00e7, banues n\u00eb fshatin Leshnic\u00eb, Pogradec, i cili dyshohet se vuante nga probleme t\u00eb sh\u00ebndetit mendor. Nga k\u00ebqyrja paraprake e trupit t\u00eb viktim\u00ebs nuk jan\u00eb konstatuar shenja dhune\u201d,-\u00a0<\/em>njofton Policia.<\/p>\n<p>Grupi hetimor po punon p\u00ebr zbardhjen e rrethanave t\u00eb ngjarjes.<\/p>\n","protected":false},"excerpt":{"rendered":"<p>Nj\u00eb trup i pajet\u00eb \u00ebsht\u00eb gjetur pasditen e k\u00ebsaj t\u00eb h\u00ebne n\u00eb Pogradec n\u00eb rezervuarin e fshatit Grabovic\u00eb. Viktima \u00ebsht\u00eb identifikuar si shtetasi me iniciale, E. A., rreth 60 vje\u00e7, i cili dyshohet se vuante nga probleme t\u00eb sh\u00ebndetit mendor. \u201cM\u00eb dat\u00eb 14.08.2023, rreth or\u00ebs 15:33, n\u00eb rezervuarin e fshatit Grabovic\u00eb, Pogradec, \u00ebsht\u00eb gjetur i [&hellip;]<\/p>\n","protected":false},"author":5,"featured_media":54477,"comment_status":"closed","ping_status":"closed","sticky":false,"template":"","format":"standard","meta":{"footnotes":""},"categories":[1,6332],"tags":[25656,25657],"class_list":{"0":"post-63884","1":"post","2":"type-post","3":"status-publish","4":"format-standard","5":"has-post-thumbnail","7":"category-aktualitet","8":"category-te-fundit","9":"tag-gjendet-i-mbytur-60-vjecari","10":"tag-ja-cfare-dyshohet"},"_links":{"self":[{"href":"https:\/\/jugulajm.net\/index.php?rest_route=\/wp\/v2\/posts\/63884","targetHints":{"allow":["GET"]}}],"collection":[{"href":"https:\/\/jugulajm.net\/index.php?rest_route=\/wp\/v2\/posts"}],"about":[{"href":"https:\/\/jugulajm.net\/index.php?rest_route=\/wp\/v2\/types\/post"}],"author":[{"embeddable":true,"href":"https:\/\/jugulajm.net\/index.php?rest_route=\/wp\/v2\/users\/5"}],"replies":[{"embeddable":true,"href":"https:\/\/jugulajm.net\/index.php?rest_route=%2Fwp%2Fv2%2Fcomments&post=63884"}],"version-history":[{"count":0,"href":"https:\/\/jugulajm.net\/index.php?rest_route=\/wp\/v2\/posts\/63884\/revisions"}],"wp:featuredmedia":[{"embeddable":true,"href":"https:\/\/jugulajm.net\/index.php?rest_route=\/wp\/v2\/media\/54477"}],"wp:attachment":[{"href":"https:\/\/jugulajm.net\/index.php?rest_route=%2Fwp%2Fv2%2Fmedia&parent=63884"}],"wp:term":[{"taxonomy":"category","embeddable":true,"href":"https:\/\/jugulajm.net\/index.php?rest_route=%2Fwp%2Fv2%2Fcategories&post=63884"},{"taxonomy":"post_tag","embeddable":true,"href":"https:\/\/jugulajm.net\/index.php?rest_route=%2Fwp%2Fv2%2Ftags&post=63884"}],"curies":[{"name":"wp","href":"https:\/\/api.w.org\/{rel}","templated":true}]}}