{"id":63850,"date":"2023-08-14T07:32:41","date_gmt":"2023-08-14T05:32:41","guid":{"rendered":"https:\/\/jugulajm.net\/?p=63850"},"modified":"2023-08-14T07:33:11","modified_gmt":"2023-08-14T05:33:11","slug":"parashikimi-i-motit-per-sot-18","status":"publish","type":"post","link":"https:\/\/jugulajm.net\/?p=63850","title":{"rendered":"Parashikimi i motit p\u00ebr sot"},"content":{"rendered":"<div id=\"wp-story-shortcode-44d3063acc3c210620c6c6109cd8af55\" class=\"wp-story-shortcode wp-story-style-class-44d3063acc3c210620c6c6109cd8af55 stories user-icon carousel snapgram \" data-unique=\"44d3063acc3c210620c6c6109cd8af55\" data-story-id=\"7262\" data-auto-full-screen=\"true\" data-skin=\"snapgram\" data-list=\"false\" data-cube-effect=\"true\" data-open-effect=\"true\" data-arrows=\"true\" data-seen=\"true\" data-rtl=\"false\" data-swipe=\"true\" data-post=\"true\" data-shortcode-type=\"box\">\n<div class=\"story\" data-box=\"7262\" data-id=\"story-7262-553918\" data-photo=\"https:\/\/albeu.com\/wp-content\/uploads\/2023\/08\/Nafte-furnizim-makine-86x86.jpg\" data-last-updated=\"1691990520\">Pjesa e par\u00eb e dit\u00ebs n\u00eb vendin ton\u00eb do t\u00eb jet\u00eb n\u00ebn ndikimin e kthjellimeve n\u00eb zonat bregdetare dhe n\u00eb qytetet e zon\u00eb s\u00eb ul\u00ebt. Nd\u00ebrsa n\u00eb zonat malore do t\u00eb ket\u00eb kalime vran\u00ebsirash.<\/div>\n<div data-box=\"7262\" data-id=\"story-7262-553918\" data-photo=\"https:\/\/albeu.com\/wp-content\/uploads\/2023\/08\/Nafte-furnizim-makine-86x86.jpg\" data-last-updated=\"1691990520\"><\/div>\n<div class=\"story\" data-box=\"7262\" data-id=\"story-7262-553918\" data-photo=\"https:\/\/albeu.com\/wp-content\/uploads\/2023\/08\/Nafte-furnizim-makine-86x86.jpg\" data-last-updated=\"1691990520\">Parashikohet q\u00eb n\u00eb or\u00ebt vijuese vran\u00ebsirat gradualisht t\u00eb shtrihen n\u00eb t\u00eb gjith\u00eb territorin shqiptar, ku m\u00eb t\u00eb theksuara do t\u00eb jen\u00eb n\u00eb zonat malore duke krijuar dhe mund\u00ebsi p\u00ebr momente t\u00eb pakta me pika shiu.<\/div>\n<div data-box=\"7262\" data-id=\"story-7262-553918\" data-photo=\"https:\/\/albeu.com\/wp-content\/uploads\/2023\/08\/Nafte-furnizim-makine-86x86.jpg\" data-last-updated=\"1691990520\"><\/div>\n<\/div>\n<div id=\"single-wrapper\" class=\"wrapper\">\n<div id=\"content\" class=\"container pt-3 test\" tabindex=\"-1\">\n<div class=\"row\">\n<div id=\"primary\" class=\"col-md-9 content-area\">\n<article id=\"post-553915\" class=\"post-553915 post type-post status-publish format-standard has-post-thumbnail hentry category-lajme category-shqiperi tag-moti tag-parashikimi-i-motit\">\n<div class=\"entry-content px-2 px-sm-3\">\n<p>Po ashtu edhe gjat\u00eb nat\u00ebs von\u00eb mbetemi me kalime vran\u00ebsirash. Temperaturat e ajrit do t\u00eb t\u00eb rriten n\u00eb m\u00ebngjes dhe n\u00eb mesdit\u00eb duke luhatur vlerat ditore nga 17\u00b0C deri n\u00eb 38\u00b0C.<\/p>\n<p>Era do t\u00eb fryj\u00eb mesatarisht me shpejt\u00ebsi 40 km\/h nga drejtimi Veriper\u00ebndimor, duke krijuar n\u00eb brigjet detare dallg\u00ebzim 3 ball\u00eb.<\/p>\n<\/div>\n<\/article>\n<\/div>\n<\/div>\n<\/div>\n<\/div>\n","protected":false},"excerpt":{"rendered":"<p>Pjesa e par\u00eb e dit\u00ebs n\u00eb vendin ton\u00eb do t\u00eb jet\u00eb n\u00ebn ndikimin e kthjellimeve n\u00eb zonat bregdetare dhe n\u00eb qytetet e zon\u00eb s\u00eb ul\u00ebt. Nd\u00ebrsa n\u00eb zonat malore do t\u00eb ket\u00eb kalime vran\u00ebsirash. Parashikohet q\u00eb n\u00eb or\u00ebt vijuese vran\u00ebsirat gradualisht t\u00eb shtrihen n\u00eb t\u00eb gjith\u00eb territorin shqiptar, ku m\u00eb t\u00eb theksuara do t\u00eb jen\u00eb [&hellip;]<\/p>\n","protected":false},"author":5,"featured_media":55361,"comment_status":"closed","ping_status":"closed","sticky":false,"template":"","format":"standard","meta":{"footnotes":""},"categories":[7650,6332],"tags":[20148],"class_list":{"0":"post-63850","1":"post","2":"type-post","3":"status-publish","4":"format-standard","5":"has-post-thumbnail","7":"category-moti","8":"category-te-fundit","9":"tag-parashikimi-i-motit-per-sot"},"_links":{"self":[{"href":"https:\/\/jugulajm.net\/index.php?rest_route=\/wp\/v2\/posts\/63850","targetHints":{"allow":["GET"]}}],"collection":[{"href":"https:\/\/jugulajm.net\/index.php?rest_route=\/wp\/v2\/posts"}],"about":[{"href":"https:\/\/jugulajm.net\/index.php?rest_route=\/wp\/v2\/types\/post"}],"author":[{"embeddable":true,"href":"https:\/\/jugulajm.net\/index.php?rest_route=\/wp\/v2\/users\/5"}],"replies":[{"embeddable":true,"href":"https:\/\/jugulajm.net\/index.php?rest_route=%2Fwp%2Fv2%2Fcomments&post=63850"}],"version-history":[{"count":0,"href":"https:\/\/jugulajm.net\/index.php?rest_route=\/wp\/v2\/posts\/63850\/revisions"}],"wp:featuredmedia":[{"embeddable":true,"href":"https:\/\/jugulajm.net\/index.php?rest_route=\/wp\/v2\/media\/55361"}],"wp:attachment":[{"href":"https:\/\/jugulajm.net\/index.php?rest_route=%2Fwp%2Fv2%2Fmedia&parent=63850"}],"wp:term":[{"taxonomy":"category","embeddable":true,"href":"https:\/\/jugulajm.net\/index.php?rest_route=%2Fwp%2Fv2%2Fcategories&post=63850"},{"taxonomy":"post_tag","embeddable":true,"href":"https:\/\/jugulajm.net\/index.php?rest_route=%2Fwp%2Fv2%2Ftags&post=63850"}],"curies":[{"name":"wp","href":"https:\/\/api.w.org\/{rel}","templated":true}]}}