{"id":63819,"date":"2023-08-13T13:14:28","date_gmt":"2023-08-13T11:14:28","guid":{"rendered":"https:\/\/jugulajm.net\/?p=63819"},"modified":"2023-08-13T13:14:28","modified_gmt":"2023-08-13T11:14:28","slug":"shehu-ceshtja-beleri-simptomi-i-deformimit-te-demokracise","status":"publish","type":"post","link":"https:\/\/jugulajm.net\/?p=63819","title":{"rendered":"Shehu: \u00c7\u00ebshtja &#8216;Beleri&#8217;, simptomi i deformimit t\u00eb demokracis\u00eb"},"content":{"rendered":"<p>Deputeti i PD-s\u00eb per Qarkun Gjirokaster, Tritan Shehu, ka reaguar s\u00ebrish n\u00eb lidhje me \u00e7\u00ebshtjen \u2018Beleri\u2019, p\u00ebr t\u00eb cilin nes\u00ebr do t\u00eb zhvillohet nj\u00eb protest\u00eb n\u00eb Himar\u00eb.<\/p>\n<p>N\u00eb postimin e tij n\u00eb Facebook, Shehu e ka quajti \u00e7\u00ebshtjen \u2018Beleri\u201d, si simptom\u00eb e deformimit t\u00eb demokracis\u00eb, teksa shton se drejt\u00ebsia po \u2018komandohet\u2019 arbitrarisht.<\/p>\n<p>T\u00eb h\u00ebn\u00ebn, m\u00eb 14 gusht n\u00eb Himar\u00eb do t\u00eb zhvillohet nj\u00eb protest\u00eb n\u00eb mb\u00ebshtetje t\u00eb kryebashkiakut t\u00eb zgjedhur, Fredi Beleri, m\u00ebnyr\u00eb q\u00eb ai t\u00eb betohet dhe t\u00eb marr\u00eb detyr\u00ebn.<\/p>\n<p><strong>Ja postimi i plote i Shehut:<\/strong><\/p>\n<p><em>Ceshtja \u201cBejleri\u201d, simptom i deformimit te demokracise!<\/em><\/p>\n<p><em>Eshte agresion ndaj te drejtave elektorale e universale prej rregjimit!<\/em><\/p>\n<p><em>Qe vendos e vepron arbitrarisht, ku drejtesia \u201ckomandohet\u201d.<\/em><\/p>\n<p><em>\u201cJustifikimi\u201d i atij akti anti ligjor me nje \u201cvello\u201d \u201cbiografike\u201d e pseudo nacionaliste nga disa, eshte i rrezikshem, qofte dhe si \u201cmjegullnaje\u201d per ate \u201cburgosje\u201d te rregjimit.<\/em><\/p>\n<p><em>Ai veprim, qe neperkemb edhe te drejtat e minoritetit, mbi te gjtha neperkemb demokracine ne teresi, krijon nje precedence te rrezikeshme per te gjithe.<\/em><\/p>\n<p><em>Pavaresisht je apo jo pjese e nje minoriteti, je njelloj i rrezikuar!<\/em><\/p>\n<p><em>Ky eshte thelbi, qe duhet kuptuar, e mbi kete baze duhet reaguar.<\/em><\/p>\n<p><em>Nje \u201crrembim\u201d i kandidatit 48 ore para zgjedhjeve, mbajtja ne para burgim pa fund me akuza te zbehta, mos lejimi i gjykimit ne liri e as te beje betimin per postin e zgjedhur, bijen ndesh me cdo parim e te drejte demokratike.<\/em><\/p>\n<p><em>Keshtu duhet kuptuar nga shqiptaret; edhe nga partneret tane!<\/em><\/p>\n<p><em>Te cilet duke hequr cdo iluzion per \u201cdemokracine\u201d tone, ka ardhur koha te kuptojne se nuk mund te kete cenim selektiv te te drejtave te minoriteteve\u2026<\/em><\/p>\n<p><em>Pa nje cenim te pergjithshem te te drejtave.<\/em><\/p>\n<p><em>Ku dhe cdo cenim per cilendo pjese te popullesise, eshte nje cenim per te gjithe!<\/em><\/p>\n<p><em>Besoj se kete te vertete duhet ta kete kuptuar edhe ndonje personalitet grek, i cili para 14 Majit i bente lavde realitetit tone te deformuar\u2026.<\/em><\/p>\n<p><em>Ndersa tashme ngre zerin kritik\u2026edhe ne Himare ndoshta.<\/em><\/p>\n","protected":false},"excerpt":{"rendered":"<p>Deputeti i PD-s\u00eb per Qarkun Gjirokaster, Tritan Shehu, ka reaguar s\u00ebrish n\u00eb lidhje me \u00e7\u00ebshtjen \u2018Beleri\u2019, p\u00ebr t\u00eb cilin nes\u00ebr do t\u00eb zhvillohet nj\u00eb protest\u00eb n\u00eb Himar\u00eb. N\u00eb postimin e tij n\u00eb Facebook, Shehu e ka quajti \u00e7\u00ebshtjen \u2018Beleri\u201d, si simptom\u00eb e deformimit t\u00eb demokracis\u00eb, teksa shton se drejt\u00ebsia po \u2018komandohet\u2019 arbitrarisht. T\u00eb h\u00ebn\u00ebn, m\u00eb [&hellip;]<\/p>\n","protected":false},"author":5,"featured_media":59048,"comment_status":"closed","ping_status":"closed","sticky":false,"template":"","format":"standard","meta":{"footnotes":""},"categories":[1,6326,6332],"tags":[25624,25625,20369],"class_list":{"0":"post-63819","1":"post","2":"type-post","3":"status-publish","4":"format-standard","5":"has-post-thumbnail","7":"category-aktualitet","8":"category-politike","9":"category-te-fundit","10":"tag-shehu-ceshtja-beleri","11":"tag-simptomi-i-deformimit-te-demokracise","12":"tag-tritan-shehu"},"_links":{"self":[{"href":"https:\/\/jugulajm.net\/index.php?rest_route=\/wp\/v2\/posts\/63819","targetHints":{"allow":["GET"]}}],"collection":[{"href":"https:\/\/jugulajm.net\/index.php?rest_route=\/wp\/v2\/posts"}],"about":[{"href":"https:\/\/jugulajm.net\/index.php?rest_route=\/wp\/v2\/types\/post"}],"author":[{"embeddable":true,"href":"https:\/\/jugulajm.net\/index.php?rest_route=\/wp\/v2\/users\/5"}],"replies":[{"embeddable":true,"href":"https:\/\/jugulajm.net\/index.php?rest_route=%2Fwp%2Fv2%2Fcomments&post=63819"}],"version-history":[{"count":0,"href":"https:\/\/jugulajm.net\/index.php?rest_route=\/wp\/v2\/posts\/63819\/revisions"}],"wp:featuredmedia":[{"embeddable":true,"href":"https:\/\/jugulajm.net\/index.php?rest_route=\/wp\/v2\/media\/59048"}],"wp:attachment":[{"href":"https:\/\/jugulajm.net\/index.php?rest_route=%2Fwp%2Fv2%2Fmedia&parent=63819"}],"wp:term":[{"taxonomy":"category","embeddable":true,"href":"https:\/\/jugulajm.net\/index.php?rest_route=%2Fwp%2Fv2%2Fcategories&post=63819"},{"taxonomy":"post_tag","embeddable":true,"href":"https:\/\/jugulajm.net\/index.php?rest_route=%2Fwp%2Fv2%2Ftags&post=63819"}],"curies":[{"name":"wp","href":"https:\/\/api.w.org\/{rel}","templated":true}]}}