{"id":63793,"date":"2023-08-12T21:19:26","date_gmt":"2023-08-12T19:19:26","guid":{"rendered":"https:\/\/jugulajm.net\/?p=63793"},"modified":"2023-08-12T21:19:26","modified_gmt":"2023-08-12T19:19:26","slug":"publikohen-foto-dhe-origjina-e-shqiptarit-qe-u-ekzekutua-sot-ne-greqi","status":"publish","type":"post","link":"https:\/\/jugulajm.net\/?p=63793","title":{"rendered":"Publikohen FOTO dhe ORIGJINA e shqiptarit q\u00eb u ekzekutua sot n\u00eb Greqi"},"content":{"rendered":"<p>Aleksand\u00ebr Zaka \u00ebsht\u00eb shqiptari q\u00eb u ekzekutua sot me plumb n\u00eb kok\u00eb n\u00eb Greqi.<\/p>\n<p>51-vje\u00e7ari u gjet i pajet\u00eb n\u00eb oborrin e banes\u00ebs s\u00eb tij n\u00eb Salamina. Ishin t\u00eb af\u00ebrmi e tij q\u00eb njoftuan autoritetet pasi pan\u00eb trupin e Zak\u00ebs.<\/p>\n<p>M\u00ebsohet se 51-vje\u00e7ari kishte rreth 15 vite pa ardhur n\u00eb Shqip\u00ebri. AI nuk rezulton si person me precedent\u00eb t\u00eb m\u00ebparsh\u00ebm penal\u00eb.<\/p>\n<p>Aleksand\u00ebr Zaka \u00ebsht\u00eb me origjin\u00eb nga qyteti i Lushnjes.<\/p>\n<p><img decoding=\"async\" src=\"https:\/\/scontent.ftia14-1.fna.fbcdn.net\/v\/t1.15752-9\/363807982_1282453392400713_114662694571750737_n.jpg?_nc_cat=100&amp;ccb=1-7&amp;_nc_sid=8cd0a2&amp;_nc_ohc=QZ2WyxyO7u0AX9KKwZK&amp;_nc_ht=scontent.ftia14-1.fna&amp;oh=03_AdTnIuaphf9hzxGRSUTZM0O6ivbKMKNx6FCj-_pssWYVug&amp;oe=64FF5ACF\" alt=\"Nuk ka asnj\u00eb p\u00ebrshkrim t\u00eb disponuesh\u00ebm\" \/><\/p>\n","protected":false},"excerpt":{"rendered":"<p>Aleksand\u00ebr Zaka \u00ebsht\u00eb shqiptari q\u00eb u ekzekutua sot me plumb n\u00eb kok\u00eb n\u00eb Greqi. 51-vje\u00e7ari u gjet i pajet\u00eb n\u00eb oborrin e banes\u00ebs s\u00eb tij n\u00eb Salamina. Ishin t\u00eb af\u00ebrmi e tij q\u00eb njoftuan autoritetet pasi pan\u00eb trupin e Zak\u00ebs. M\u00ebsohet se 51-vje\u00e7ari kishte rreth 15 vite pa ardhur n\u00eb Shqip\u00ebri. AI nuk rezulton si [&hellip;]<\/p>\n","protected":false},"author":5,"featured_media":63794,"comment_status":"closed","ping_status":"closed","sticky":false,"template":"","format":"standard","meta":{"footnotes":""},"categories":[1,6332],"tags":[25606],"class_list":{"0":"post-63793","1":"post","2":"type-post","3":"status-publish","4":"format-standard","5":"has-post-thumbnail","7":"category-aktualitet","8":"category-te-fundit","9":"tag-publikohen-foto-dhe-origjina-e-shqiptarit-qe-u-ekzekutua-sot-ne-greqi"},"_links":{"self":[{"href":"https:\/\/jugulajm.net\/index.php?rest_route=\/wp\/v2\/posts\/63793","targetHints":{"allow":["GET"]}}],"collection":[{"href":"https:\/\/jugulajm.net\/index.php?rest_route=\/wp\/v2\/posts"}],"about":[{"href":"https:\/\/jugulajm.net\/index.php?rest_route=\/wp\/v2\/types\/post"}],"author":[{"embeddable":true,"href":"https:\/\/jugulajm.net\/index.php?rest_route=\/wp\/v2\/users\/5"}],"replies":[{"embeddable":true,"href":"https:\/\/jugulajm.net\/index.php?rest_route=%2Fwp%2Fv2%2Fcomments&post=63793"}],"version-history":[{"count":0,"href":"https:\/\/jugulajm.net\/index.php?rest_route=\/wp\/v2\/posts\/63793\/revisions"}],"wp:featuredmedia":[{"embeddable":true,"href":"https:\/\/jugulajm.net\/index.php?rest_route=\/wp\/v2\/media\/63794"}],"wp:attachment":[{"href":"https:\/\/jugulajm.net\/index.php?rest_route=%2Fwp%2Fv2%2Fmedia&parent=63793"}],"wp:term":[{"taxonomy":"category","embeddable":true,"href":"https:\/\/jugulajm.net\/index.php?rest_route=%2Fwp%2Fv2%2Fcategories&post=63793"},{"taxonomy":"post_tag","embeddable":true,"href":"https:\/\/jugulajm.net\/index.php?rest_route=%2Fwp%2Fv2%2Ftags&post=63793"}],"curies":[{"name":"wp","href":"https:\/\/api.w.org\/{rel}","templated":true}]}}