{"id":63773,"date":"2023-08-12T16:49:08","date_gmt":"2023-08-12T14:49:08","guid":{"rendered":"https:\/\/jugulajm.net\/?p=63773"},"modified":"2023-08-12T16:49:08","modified_gmt":"2023-08-12T14:49:08","slug":"pas-takimit-me-deputetin-grek-reagon-beleri-pres-3-gjera-qe","status":"publish","type":"post","link":"https:\/\/jugulajm.net\/?p=63773","title":{"rendered":"Pas takimit me deputetin grek, reagon Beleri: Pres 3 gj\u00ebra q\u00eb&#8230;"},"content":{"rendered":"<p>Kryebashkiaku i Himar\u00ebs, Fredi Beleri, i ka b\u00ebr\u00eb tre k\u00ebrkesa deputetit grek q\u00eb e vizitoi nj\u00eb dit\u00eb m\u00eb par\u00eb n\u00eb qelin\u00eb e burgut.<\/p>\n<p>Beleri tha se pret q\u00eb t\u00eb betohet si kryebashkiak, t\u00eb lirohet nga burgu dhe t\u00eb rr\u00ebzohet akuza e padrejt\u00eb ndaj tij.<\/p>\n<p><em>\u201cFal\u00ebnderoj nga zemra profesorin, deputetin e Demokracis\u00eb s\u00eb Re dhe mikun tim t\u00eb ngusht\u00eb, z. Angelos Syrigos, i cili m\u00eb vizitoi n\u00eb burgun e Tiran\u00ebs, i d\u00ebrguar i Kryeministrit Grek, z. Kyriakos Mitsotakis. Nga z. Angelos Syrigos k\u00ebrkova q\u00eb t\u2019i transmetoj\u00eb Kryministrit t\u00eb Greqis\u00eb vendimin tim, i cili \u00ebsht\u00eb k\u00ebrkes\u00eb e t\u00eb gjith\u00eb popullit t\u00eb Himar\u00ebs, p\u00ebr t\u00eb marr\u00eb menj\u00ebher\u00eb detyr\u00ebn si Kryetar i Bashkis\u00eb p\u00ebr t\u00eb ndaluar grabitjen e pronave t\u00eb komunitetit grek.<\/em><\/p>\n<p><em>P\u00ebrgatit\u00ebn nj\u00eb ligj q\u00eb supozohet se kishte p\u00ebr q\u00ebllim zhvillimin e zon\u00ebs duke t\u00ebrhequr kapitale t\u00eb huaja. Deri m\u00eb sot as edhe nj\u00eb i huaj nuk ka investuar n\u00eb zon\u00ebn ton\u00eb. T\u00eb gjith\u00eb ata q\u00eb jan\u00eb shpallur investitor\u00eb strategjik\u00eb jan\u00eb q\u00eb t\u00eb gjith\u00eb shqiptar\u00eb me lidhje me pushtetin. Q\u00ebllimi yn\u00eb \u00ebsht\u00eb, gjithashtu, t\u00eb jetojm\u00eb n\u00eb nj\u00eb shtet demokratik ku nuk ka dallime p\u00ebr p\u00ebrkat\u00ebsin\u00eb etnike t\u00eb shtetasve t\u00eb vet dhe t\u00eb ndalojn\u00eb politikat e shantazhimit t\u00eb popullsis\u00eb.<\/em><\/p>\n<p><em>Z. Syrigos i thash\u00eb se pres tre gj\u00ebra:<\/em><\/p>\n<p><em>\u2013 t\u00eb betohem menj\u00ebher\u00eb si kryetar i bashkis\u00eb, populli i s\u00eb cil\u00ebs m\u00eb zgjodhi.<\/em><\/p>\n<p><em>\u2013 t\u00eb lirohem nga burgu, n\u00eb m\u00ebnyr\u00eb q\u00eb t\u00eb mundem t\u00eb ushtroj\u00eb detyr\u00ebn time si kryetar bashkie.<\/em><\/p>\n<p><em>\u2013 t\u00eb rr\u00ebzohet akuza e padrejt\u00eb, qesharake, tendecioze dhe e pabaz\u00eb q\u00eb \u00ebsht\u00eb ngritur ndaj meje.<\/em><\/p>\n<p><em>N\u00eb personin e Kryeministrit Grek fal\u00ebnderojm\u00eb Greqin\u00eb q\u00eb lufton krah nesh p\u00ebr t\u00eb siguruar t\u00eb drejtat tona njer\u00ebzore<\/em>\u201d, njoftoi Beleri n\u00eb faqen e tij zyrtare n\u00eb Facebook.<\/p>\n<p>Kujtojm\u00eb se nj\u00eb dit\u00eb m\u00eb par\u00eb, deputeti grek i partis\u00eb Demokracia e Re, Angelos Syrigos takoi Belerin. Ai\u00a0ishte i ashp\u00ebr n\u00eb q\u00ebndrimin e tij. dhe pretendon se shteti shqiptar i ka shkelur Fredi Belerit edhe t\u00eb drejt\u00ebn p\u00ebr tu betuar, si kryebashkiak.<\/p>\n","protected":false},"excerpt":{"rendered":"<p>Kryebashkiaku i Himar\u00ebs, Fredi Beleri, i ka b\u00ebr\u00eb tre k\u00ebrkesa deputetit grek q\u00eb e vizitoi nj\u00eb dit\u00eb m\u00eb par\u00eb n\u00eb qelin\u00eb e burgut. Beleri tha se pret q\u00eb t\u00eb betohet si kryebashkiak, t\u00eb lirohet nga burgu dhe t\u00eb rr\u00ebzohet akuza e padrejt\u00eb ndaj tij. \u201cFal\u00ebnderoj nga zemra profesorin, deputetin e Demokracis\u00eb s\u00eb Re dhe mikun [&hellip;]<\/p>\n","protected":false},"author":5,"featured_media":59039,"comment_status":"closed","ping_status":"closed","sticky":false,"template":"","format":"standard","meta":{"footnotes":""},"categories":[1,6332],"tags":[25599,25600],"class_list":{"0":"post-63773","1":"post","2":"type-post","3":"status-publish","4":"format-standard","5":"has-post-thumbnail","7":"category-aktualitet","8":"category-te-fundit","9":"tag-pas-takimit-me-deputetin-grek","10":"tag-reagon-beleri-pres-3-gjera-qe"},"_links":{"self":[{"href":"https:\/\/jugulajm.net\/index.php?rest_route=\/wp\/v2\/posts\/63773","targetHints":{"allow":["GET"]}}],"collection":[{"href":"https:\/\/jugulajm.net\/index.php?rest_route=\/wp\/v2\/posts"}],"about":[{"href":"https:\/\/jugulajm.net\/index.php?rest_route=\/wp\/v2\/types\/post"}],"author":[{"embeddable":true,"href":"https:\/\/jugulajm.net\/index.php?rest_route=\/wp\/v2\/users\/5"}],"replies":[{"embeddable":true,"href":"https:\/\/jugulajm.net\/index.php?rest_route=%2Fwp%2Fv2%2Fcomments&post=63773"}],"version-history":[{"count":0,"href":"https:\/\/jugulajm.net\/index.php?rest_route=\/wp\/v2\/posts\/63773\/revisions"}],"wp:featuredmedia":[{"embeddable":true,"href":"https:\/\/jugulajm.net\/index.php?rest_route=\/wp\/v2\/media\/59039"}],"wp:attachment":[{"href":"https:\/\/jugulajm.net\/index.php?rest_route=%2Fwp%2Fv2%2Fmedia&parent=63773"}],"wp:term":[{"taxonomy":"category","embeddable":true,"href":"https:\/\/jugulajm.net\/index.php?rest_route=%2Fwp%2Fv2%2Fcategories&post=63773"},{"taxonomy":"post_tag","embeddable":true,"href":"https:\/\/jugulajm.net\/index.php?rest_route=%2Fwp%2Fv2%2Ftags&post=63773"}],"curies":[{"name":"wp","href":"https:\/\/api.w.org\/{rel}","templated":true}]}}