{"id":63760,"date":"2023-08-12T15:15:31","date_gmt":"2023-08-12T13:15:31","guid":{"rendered":"https:\/\/jugulajm.net\/?p=63760"},"modified":"2023-08-12T15:15:31","modified_gmt":"2023-08-12T13:15:31","slug":"greqi-vrasja-e-tifozit-grek-zbardhet-deshmia-e-shqiptarit-te-dyshuar-thiken-e","status":"publish","type":"post","link":"https:\/\/jugulajm.net\/?p=63760","title":{"rendered":"Greqi\/ Vrasja e tifozit grek, zbardhet d\u00ebshmia e shqiptarit t\u00eb dyshuar: Thik\u00ebn e&#8230;"},"content":{"rendered":"<p>Rreth 100 tifoz\u00eb kroat\u00eb t\u00eb futbollit, mes tyre dhe nj\u00eb shqiptar, kan\u00eb dal\u00eb para Gjykat\u00ebs n\u00eb Athin\u00eb, pasi dyshohen si t\u00eb p\u00ebrfshir\u00eb n\u00eb p\u00ebrleshjen e tifoz\u00ebve t\u00eb AEK dhe Dinamo Zagrebit m\u00eb 8 gusht, ku mbeti i vdekur nj\u00eb 29-vje\u00e7ar grek.<\/p>\n<p>Mes autor\u00ebve t\u00eb dyshuar p\u00ebr vrasjen e t\u00eb riut grek \u00ebsht\u00eb edhe nj\u00eb 22-vje\u00e7ar shqiptar, i cili ka mohuar t\u00eb ket\u00eb lidhje me ngjarjen.<\/p>\n<p>Sipas d\u00ebshmis\u00eb s\u00eb b\u00ebr\u00eb publike nga mediat greke, i riu shqiptar ka deklaruar para autoriteteve greke se ka qen\u00eb rast\u00ebsisht pran\u00eb vendit ku u p\u00ebrplas\u00ebn dy tifozerit\u00eb, dhe se thik\u00ebn q\u00eb i gjeti policia e kishte mjet pune.<\/p>\n<p><em>\u201cUn\u00eb jam elektricist dhe at\u00eb dit\u00eb isha n\u00eb zon\u00ebn e New Philadelphia p\u00ebr pun\u00eb. Pasi mbarova pun\u00ebn von\u00eb kisha l\u00ebn\u00eb nj\u00eb takim me t\u00eb dashur\u00ebn time n\u00eb stacionin ISAP \u201cPERISSOS\u201d p\u00ebr t\u00eb vazhduar me tren drejt Pireut, p\u00ebr t\u00eb arritur n\u00eb Galatsi\u201d,\u00a0<\/em>ka th\u00ebn\u00eb ai.<\/p>\n<p><em>Nd\u00ebrsa po prisja jasht\u00eb stacionit, d\u00ebgjova britma, shp\u00ebrthime dhe flak\u00eb dhe shkova t\u00eb shikoja se \u00e7far\u00eb po ndodhte. Nuk kam marr\u00eb pjes\u00eb n\u00eb p\u00ebrleshje\u201d<\/em>, \u00ebsht\u00eb shprehur ai.<\/p>\n<p>Sa i p\u00ebrket thik\u00ebs q\u00eb i \u00ebsht\u00eb gjetur nga policia, 22-vje\u00e7ari shqiptar ka deklaruar se e kishte p\u00ebr pun\u00eb, nd\u00ebrsa ka k\u00ebrkuar q\u00eb ti kontrollohet celulari e ti b\u00ebhen kontrollet e ADN-s\u00eb, p\u00ebr t\u00eb v\u00ebrtetuar q\u00eb nuk ka lidhje me ngjarjen.<\/p>\n<p><em>\u201cThika e palosshme e gjetur tek un\u00eb, at\u00eb e p\u00ebrdor n\u00eb pun\u00eb. Un\u00eb nuk jam nj\u00eb tifoz i organizuar i \u00a0PAO-s , jam nj\u00eb sportdash\u00ebs i thjesht\u00eb. Shkoj n\u00eb stadium, me babain dhe v\u00ebllain tim, sa her\u00eb q\u00eb gjej bileta t\u00eb lira. Dua t\u00eb deklasifikohen komunikimet e mia, t\u00eb kontrollohet celulari dhe t\u00eb merret nj\u00eb most\u00ebr e ADN-s\u00eb, p\u00ebr t\u00eb v\u00ebrtetuar se nuk kam asnj\u00eb lidhje me at\u00eb q\u00eb m\u00eb akuzojn\u00eb\u201d<\/em>, ka th\u00ebn\u00eb n\u00eb d\u00ebshmin\u00eb e tij i riu shqiptar.<\/p>\n<p>Kujojm\u00eb se shqiptari bashk\u00eb me nj\u00eb\u00a0kroat dhe tre shtetas grek\u00eb jan\u00eb t\u00eb dyshuar kryesor\u00eb p\u00ebr vrasjen e 29-vje\u00e7arit, Michalis Katsouri.<\/p>\n<p>Shqiptari dhe kroati pas arrestimit kishin me vete thika me gjak dhe u ndan\u00eb menj\u00ebher\u00eb nga pjesa tjet\u00ebr e t\u00eb arrestuarve, si t\u00eb dyshuar kryesor\u00eb p\u00ebr vrasjen.<\/p>\n","protected":false},"excerpt":{"rendered":"<p>Rreth 100 tifoz\u00eb kroat\u00eb t\u00eb futbollit, mes tyre dhe nj\u00eb shqiptar, kan\u00eb dal\u00eb para Gjykat\u00ebs n\u00eb Athin\u00eb, pasi dyshohen si t\u00eb p\u00ebrfshir\u00eb n\u00eb p\u00ebrleshjen e tifoz\u00ebve t\u00eb AEK dhe Dinamo Zagrebit m\u00eb 8 gusht, ku mbeti i vdekur nj\u00eb 29-vje\u00e7ar grek. Mes autor\u00ebve t\u00eb dyshuar p\u00ebr vrasjen e t\u00eb riut grek \u00ebsht\u00eb edhe nj\u00eb 22-vje\u00e7ar [&hellip;]<\/p>\n","protected":false},"author":5,"featured_media":50166,"comment_status":"closed","ping_status":"closed","sticky":false,"template":"","format":"standard","meta":{"footnotes":""},"categories":[1,6332],"tags":[25595,25596],"class_list":{"0":"post-63760","1":"post","2":"type-post","3":"status-publish","4":"format-standard","5":"has-post-thumbnail","7":"category-aktualitet","8":"category-te-fundit","9":"tag-greqi-vrasja-e-tifozit-grek","10":"tag-zbardhet-deshmia-e-shqiptarit-te-dyshuar-thiken-e"},"_links":{"self":[{"href":"https:\/\/jugulajm.net\/index.php?rest_route=\/wp\/v2\/posts\/63760","targetHints":{"allow":["GET"]}}],"collection":[{"href":"https:\/\/jugulajm.net\/index.php?rest_route=\/wp\/v2\/posts"}],"about":[{"href":"https:\/\/jugulajm.net\/index.php?rest_route=\/wp\/v2\/types\/post"}],"author":[{"embeddable":true,"href":"https:\/\/jugulajm.net\/index.php?rest_route=\/wp\/v2\/users\/5"}],"replies":[{"embeddable":true,"href":"https:\/\/jugulajm.net\/index.php?rest_route=%2Fwp%2Fv2%2Fcomments&post=63760"}],"version-history":[{"count":0,"href":"https:\/\/jugulajm.net\/index.php?rest_route=\/wp\/v2\/posts\/63760\/revisions"}],"wp:featuredmedia":[{"embeddable":true,"href":"https:\/\/jugulajm.net\/index.php?rest_route=\/wp\/v2\/media\/50166"}],"wp:attachment":[{"href":"https:\/\/jugulajm.net\/index.php?rest_route=%2Fwp%2Fv2%2Fmedia&parent=63760"}],"wp:term":[{"taxonomy":"category","embeddable":true,"href":"https:\/\/jugulajm.net\/index.php?rest_route=%2Fwp%2Fv2%2Fcategories&post=63760"},{"taxonomy":"post_tag","embeddable":true,"href":"https:\/\/jugulajm.net\/index.php?rest_route=%2Fwp%2Fv2%2Ftags&post=63760"}],"curies":[{"name":"wp","href":"https:\/\/api.w.org\/{rel}","templated":true}]}}